{"id":25326,"date":"2020-03-05T08:44:43","date_gmt":"2020-03-05T11:44:43","guid":{"rendered":"https:\/\/24formosa.com.ar\/?p=25326"},"modified":"2020-03-05T08:44:43","modified_gmt":"2020-03-05T11:44:43","slug":"el-jefe-de-gabinete-antonio-ferreira-recibio-a-autoridades-del-directorio-del-ica","status":"publish","type":"post","link":"https:\/\/24formosa.com.ar\/?p=25326","title":{"rendered":"El Jefe de Gabinete, Antonio Ferreira recibi\u00f3 a autoridades del Directorio del ICA"},"content":{"rendered":"\n<p>\n\nSe llev\u00f3 a cabo este mi\u00e9rcoles la primera reuni\u00f3n del nuevo directorio del Instituto de Comunidades Abor\u00edgenes (ICA) con el Jefe de Gabinete de Ministros, Antonio Ferreira, en Casa de Gobierno.<br>Participaron del encuentro el presidente del Instituto Esteban Ram\u00edrez y los directores de las tres etnias Ramona Gim\u00e9nez representando a la etnia Pilag\u00e1, Mariano P\u00e9rez a la etnia Wich\u00ed y Pablo Sosa a la etnia toba.<\/p>\n\n\n\n<p>\u201cEl jefe de gabinete donde nos dio un informe pormenorizado de la situaci\u00f3n del pa\u00eds y de la provincia, donde los directores que son los receptores de las necesidades de las comunidades expusieron tambi\u00e9n la situaci\u00f3n de cada una\u201d explic\u00f3 el presidente Ram\u00edrez.<\/p>\n\n\n\n<p>Se\u00f1al\u00f3 que \u201c En este caso el jefe de gabinete nos inform\u00f3 sobre lo dif\u00edcil de la situaci\u00f3n como consecuencia del nefasto gobierno de Mauricio Macri que dej\u00f3 un desastre en lo econ\u00f3mico, social y pol\u00edtico, por supuesto esto costar\u00e1 revertirse, nos pidi\u00f3 que aunemos esfuerzos, redoblemos trabajamos en forma mancomunada con las comunidades abor\u00edgenes a quienes tenemos que llevarles el mensaje de que a pesar de esta situaci\u00f3n el gobierno de la provincia seguir\u00e1 trabajando para solucionar los problemas de las comunidades\u201d.<\/p>\n\n\n\n<p>\u201cHay que resaltar que en los cuatro a\u00f1os, nuestro gobernador sigui\u00f3 viajando a bs as, gestionando, pero nunca obtuvo respuesta de sus planteos de las necesidades de Formosa. Hoy est\u00e1 gestionando, tratando de que el gobierno nuevo en el cual tenemos mucha esperanza, acompa\u00f1e al gobierno provincial y se revierta esta situaci\u00f3n\u201d se\u00f1al\u00f3.<\/p>\n\n\n\n<p>Evalu\u00f3 que \u201cFue una reuni\u00f3n amena, productiva, nos dio la tranquilidad de que se mejorar\u00e1 la situaci\u00f3n, desde el ICA es un mensaje para todas las comunidades, que se tranquilicen, que el gobierno encabezado por el gobernador est\u00e1 haciendo todo lo necesario para revertir eta situaci\u00f3n, seguramente en un poco tiempo, transitaremos otro camino, tanto en el pa\u00eds, como en la provincia\u201d.<br>En tanto la directora de la etnia Pilag\u00e1 Ramona Gim\u00e9nez valor\u00f3 el encuentro al se\u00f1alar que se trat\u00f3 de la planificaci\u00f3n del a\u00f1o para las comunidades y se\u00f1al\u00f3 que \u201cAcordamos reunirnos para ver las inquietudes de las comunidades, trabajar juntos, coordinadamente con el gobierno\u201d.<\/p>\n\n\n\n<p>\u201cEstoy contenta de estar integrando esta mesa de di\u00e1logo\u201d se\u00f1al\u00f3 la dirigente. En la misma sinton\u00eda se expresaron sus pares Mariano P\u00e9rez y Pablo Sosa.<\/p>\n\n\n\n<p>\u201cPedimos trabajar coordinadamente con los distintos organismos con las comunidades. Asumimos el 27 de diciembre, ahora fue la primera reuni\u00f3n, contamos con la predisposici\u00f3n del Jefe de Gabinete. Tenemos un a\u00f1o muy importante por delante, con un gobierno nacional peronista, seguramente el compa\u00f1ero Gildo trabajar\u00e1 para solucionar cuestiones que las comunidades demandan\u201d expres\u00f3 Sosa.<br><\/p>\n","protected":false},"excerpt":{"rendered":"<p>Se llev\u00f3 a cabo este mi\u00e9rcoles la primera reuni\u00f3n del nuevo directorio del Instituto de<\/p>\n","protected":false},"author":3,"featured_media":25327,"comment_status":"open","ping_status":"open","sticky":false,"template":"","format":"standard","meta":{"footnotes":""},"categories":[1],"tags":[],"class_list":["post-25326","post","type-post","status-publish","format-standard","has-post-thumbnail","hentry","category-noticias"],"_links":{"self":[{"href":"https:\/\/24formosa.com.ar\/index.php?rest_route=\/wp\/v2\/posts\/25326","targetHints":{"allow":["GET"]}}],"collection":[{"href":"https:\/\/24formosa.com.ar\/index.php?rest_route=\/wp\/v2\/posts"}],"about":[{"href":"https:\/\/24formosa.com.ar\/index.php?rest_route=\/wp\/v2\/types\/post"}],"author":[{"embeddable":true,"href":"https:\/\/24formosa.com.ar\/index.php?rest_route=\/wp\/v2\/users\/3"}],"replies":[{"embeddable":true,"href":"https:\/\/24formosa.com.ar\/index.php?rest_route=%2Fwp%2Fv2%2Fcomments&post=25326"}],"version-history":[{"count":1,"href":"https:\/\/24formosa.com.ar\/index.php?rest_route=\/wp\/v2\/posts\/25326\/revisions"}],"predecessor-version":[{"id":25328,"href":"https:\/\/24formosa.com.ar\/index.php?rest_route=\/wp\/v2\/posts\/25326\/revisions\/25328"}],"wp:featuredmedia":[{"embeddable":true,"href":"https:\/\/24formosa.com.ar\/index.php?rest_route=\/wp\/v2\/media\/25327"}],"wp:attachment":[{"href":"https:\/\/24formosa.com.ar\/index.php?rest_route=%2Fwp%2Fv2%2Fmedia&parent=25326"}],"wp:term":[{"taxonomy":"category","embeddable":true,"href":"https:\/\/24formosa.com.ar\/index.php?rest_route=%2Fwp%2Fv2%2Fcategories&post=25326"},{"taxonomy":"post_tag","embeddable":true,"href":"https:\/\/24formosa.com.ar\/index.php?rest_route=%2Fwp%2Fv2%2Ftags&post=25326"}],"curies":[{"name":"wp","href":"https:\/\/api.w.org\/{rel}","templated":true}]}}