{"id":25322,"date":"2020-03-02T23:23:09","date_gmt":"2020-03-03T02:23:09","guid":{"rendered":"https:\/\/24formosa.com.ar\/?p=25322"},"modified":"2020-03-02T23:23:09","modified_gmt":"2020-03-03T02:23:09","slug":"insfran-otorgo-un-incremento-del-15-por-ciento-en-los-haberes-de-los-estatales","status":"publish","type":"post","link":"https:\/\/24formosa.com.ar\/?p=25322","title":{"rendered":"Insfr\u00e1n otorg\u00f3 un incremento del 15 por ciento en los haberes de los estatales"},"content":{"rendered":"\n<p>\n\nSe trata del aumento salarial m\u00e1s importante registrado hasta el momento en el pa\u00eds. Significa para la provincia un desembolso de $3 mil millones. Se trata de una decisi\u00f3n \u201ctransitoria\u201d,&nbsp; dijo el primer mandatario.<\/p>\n\n\n\n<p>El gobernador Gildo Insfr\u00e1n tom\u00f3 la decisi\u00f3n de incrementar en un 15% los haberes del personal de la Administraci\u00f3n P\u00fablica Provincial a partir del 1\u00ba de marzo y con vigencia hasta el pr\u00f3ximo mes de junio de este a\u00f1o.<\/p>\n\n\n\n<p>El propio mandatario se encarg\u00f3 de hacer p\u00fablica esta informaci\u00f3n que tiene alcance para los empleados en actividad as\u00ed como para los jubilados dependientes de la Caja de Previsi\u00f3n Social (CPS).<\/p>\n\n\n\n<p>Lo hizo en el transcurso de una conferencia de prensa llevada a cabo en el quinto piso de la Casa de Gobierno y al t\u00e9rmino de las actividades llevadas a cabo en el Centro Polivalente de Artes (CPA), con motivo de la inauguraci\u00f3n del ciclo escolar 2020, al que asisti\u00f3 tambi\u00e9n el ministro de Educaci\u00f3n de la Naci\u00f3n, Nicol\u00e1s Trotta.<\/p>\n\n\n\n<p>Esta modificaci\u00f3n establecida para los haberes de la Administraci\u00f3n P\u00fablica representa para el Tesoro de la provincia un desembolso incremental superior a $3000 millones, hasta el mes de junio.<\/p>\n\n\n\n<p>Explic\u00f3 el mandatario que la ejecuci\u00f3n de esta medida fija el haber m\u00ednimo de bolsillo para los agentes activos en la suma de $1600 con la aclaraci\u00f3n que el beneficio se extiende igualmente a los beneficiarios de la CPS.<\/p>\n\n\n\n<p>Manifest\u00f3, adem\u00e1s, que se trata de una determinaci\u00f3n de car\u00e1cter transitorio que adopto para contribuir desde el Estado a compensar la p\u00e9rdida del poder adquisitivo.<\/p>\n\n\n\n<p>Insfr\u00e1n se\u00f1al\u00f3 que esta mejora del salario tendr\u00e1 vigencia hasta junio y aclar\u00f3 que hab\u00eda apelado a esta metodolog\u00eda en raz\u00f3n de no contarse aun con el Presupuesto de C\u00e1lculos y Recursos de la Naci\u00f3n y en consecuencia&nbsp; no disponerse de sus pautas para la elaboraci\u00f3n del Presupuesto Provincial.<\/p>\n\n\n\n<p>El Gobernador conf\u00eda que una vez que esas cuestiones est\u00e9n ordenadas, se estar\u00e1 en condiciones de transmitir m\u00e1s novedades afines para los estatales formose\u00f1os en el pr\u00f3ximo mes de junio.<br><strong>Escalaf\u00f3n docente<\/strong><\/p>\n\n\n\n<p>Sobre el escalaf\u00f3n docente, la data del jefe del Poder Ejecutivo Provincial revela que se ha dispuesto la incorporaci\u00f3n de la suma de $1500 un beneficio que tambi\u00e9n tiene alcance para los docentes jubilados dependientes de la Caja de Previsi\u00f3n Social.<\/p>\n\n\n\n<p>Dispuso, asimismo, la asignaci\u00f3n de una suma no remunerativa de car\u00e1cter mensual al personal activo del escalaf\u00f3n docente.<\/p>\n\n\n\n<p>Ser\u00e1 tambi\u00e9n de $1500 y tendr\u00e1 vigencia a partir del mes de marzo para ser percibido, subsiguientemente, durante los meses de marzo, abril, mayo y junio.<br><strong>El sueldo m\u00ednimo de bolsillo docente ser\u00e1 de $23.000.<\/strong><\/p>\n\n\n\n<p>Estas novedades para los estatales fueron expuestas por el gobernador Insfr\u00e1n, quien estuvo acompa\u00f1ado por secretarios generales de los principales gremios formose\u00f1os, con quienes el Estado provincial trabaj\u00f3 para acordar las cifras anunciadas.<\/p>\n\n\n\n<p>Estuvieron presentes Isabelino Idoyaga (UPCN), Luis Branchi (ADF), Estela Escobar (SIDOFOR), Herben N\u00fa\u00f1ez Barrios del nucleamiento Arturo Jauretche, Vicente Garc\u00eda Insfr\u00e1n (UDA), entre otros gremialistas.<br><strong>Gremialistas<\/strong><\/p>\n\n\n\n<p>Los gremialistas que acompa\u00f1aron al gobernador Gildo Insfr\u00e1n en el anuncio de aumento salarial del 15% para trabajadores del Estado provincial, activos y pasivos destacaron el anuncio y valoraron la modalidad del mismo.<\/p>\n\n\n\n<p>Fue el caso de Isabelino Idogaya, secretario general de UPCN, quien se\u00f1al\u00f3 que el anuncio es importante y esperanzador, ya que \u201cdentro de cuatro meses nos volvemos a sentar, eso quiere decir que le vamos a pelear a la inflaci\u00f3n. Hoy tenemos un 15% que es real, es importante para el sector docente, es muy interesante\u201d.<\/p>\n\n\n\n<p>\u201cEs un anuncio importante, tenemos la posibilidad de volver a sentarnos en junio, estoy seguro que los incrementos ser\u00e1n mayores\u201d, expres\u00f3.<\/p>\n\n\n\n<p>Por su parte el titular de la Agremiaci\u00f3n del Docente Formose\u00f1o (ADF), Luis Branchi, se\u00f1al\u00f3 que el aumento se viene trabajando hace un mes y medio en mesa de trabajo entre el Estado y los gremios, estudiando pautas, acercando n\u00fameros.<\/p>\n\n\n\n<p>\u201cAc\u00e1 hist\u00f3ricamente el acuerdo era anual, el a\u00f1o pasado conseguimos el mejor acuerdo de ese momento, pero luego la inflaci\u00f3n de ese Gobierno fue tan tremenda que hizo que quedara bajo. Ahora en esta discusi\u00f3n consideramos esos puntos que no se lograron m\u00e1s la expectativa de estos meses, vamos a sentarnos en junio para ver como avanzamos\u201d, subray\u00f3.<\/p>\n\n\n\n<p>Branchi puso en valor el anuncio de la asignaci\u00f3n de una suma no remunerativa de car\u00e1cter mensual al personal activo del escalaf\u00f3n docente a partir del mes de marzo de $1500, a percibir durante los meses, marzo, abril, mayo y junio al se\u00f1alar que se trata de una suma independiente del FONID.<\/p>\n\n\n\n<p>En tanto, Estela Escobar (Sindicato del Docente Formose\u00f1o) consider\u00f3 que \u201ces un acuerdo que se logr\u00f3 por el dialogo permanente entre el Poder Ejecutivo y los gremios, es un momento tan trascendental porque la crisis que atraviesa nuestro pa\u00eds y el desembolso provincial, es importante, de $3 mil millones para la provincia\u201d.<\/p>\n\n\n\n<p>\u201cEs fruto de las cuentas fiscales ordenadas, el buen manejo de las cuentas p\u00fablicas y la decisi\u00f3n pol\u00edtica del gobernador Insfr\u00e1n de que todos los formose\u00f1os vivamos mejor\u201d, finaliz\u00f3.<br><\/p>\n","protected":false},"excerpt":{"rendered":"<p>Se trata del aumento salarial m\u00e1s importante registrado hasta el momento en el pa\u00eds. Significa<\/p>\n","protected":false},"author":3,"featured_media":25323,"comment_status":"open","ping_status":"open","sticky":false,"template":"","format":"standard","meta":{"footnotes":""},"categories":[1],"tags":[],"class_list":["post-25322","post","type-post","status-publish","format-standard","has-post-thumbnail","hentry","category-noticias"],"_links":{"self":[{"href":"https:\/\/24formosa.com.ar\/index.php?rest_route=\/wp\/v2\/posts\/25322","targetHints":{"allow":["GET"]}}],"collection":[{"href":"https:\/\/24formosa.com.ar\/index.php?rest_route=\/wp\/v2\/posts"}],"about":[{"href":"https:\/\/24formosa.com.ar\/index.php?rest_route=\/wp\/v2\/types\/post"}],"author":[{"embeddable":true,"href":"https:\/\/24formosa.com.ar\/index.php?rest_route=\/wp\/v2\/users\/3"}],"replies":[{"embeddable":true,"href":"https:\/\/24formosa.com.ar\/index.php?rest_route=%2Fwp%2Fv2%2Fcomments&post=25322"}],"version-history":[{"count":1,"href":"https:\/\/24formosa.com.ar\/index.php?rest_route=\/wp\/v2\/posts\/25322\/revisions"}],"predecessor-version":[{"id":25324,"href":"https:\/\/24formosa.com.ar\/index.php?rest_route=\/wp\/v2\/posts\/25322\/revisions\/25324"}],"wp:featuredmedia":[{"embeddable":true,"href":"https:\/\/24formosa.com.ar\/index.php?rest_route=\/wp\/v2\/media\/25323"}],"wp:attachment":[{"href":"https:\/\/24formosa.com.ar\/index.php?rest_route=%2Fwp%2Fv2%2Fmedia&parent=25322"}],"wp:term":[{"taxonomy":"category","embeddable":true,"href":"https:\/\/24formosa.com.ar\/index.php?rest_route=%2Fwp%2Fv2%2Fcategories&post=25322"},{"taxonomy":"post_tag","embeddable":true,"href":"https:\/\/24formosa.com.ar\/index.php?rest_route=%2Fwp%2Fv2%2Ftags&post=25322"}],"curies":[{"name":"wp","href":"https:\/\/api.w.org\/{rel}","templated":true}]}}