{"id":25315,"date":"2020-03-02T23:16:33","date_gmt":"2020-03-03T02:16:33","guid":{"rendered":"https:\/\/24formosa.com.ar\/?p=25315"},"modified":"2020-03-02T23:16:33","modified_gmt":"2020-03-03T02:16:33","slug":"insfran-elogio-la-accion-conjunta-con-el-pueblo-en-defensa-de-la-escuela-publica","status":"publish","type":"post","link":"https:\/\/24formosa.com.ar\/?p=25315","title":{"rendered":"Insfr\u00e1n elogi\u00f3 la acci\u00f3n conjunta con el pueblo en defensa de la Escuela P\u00fablica"},"content":{"rendered":"\n<p>\n\nEl gobernador Gildo Insfr\u00e1n presidio este lunes el acto de inicio oficial de las clases en los establecimientos de todos los niveles de ense\u00f1anza de la provincia y resalto que la presencia del ministro de Educaci\u00f3n de la Naci\u00f3n, Nicolas Trotta, en la ceremonia, no solamente significaba un est\u00edmulo significativo para los formose\u00f1os sino una clara se\u00f1al que env\u00eda el presidente de la Naci\u00f3n acerca de su inter\u00e9s por el destino del norte argentino.<\/p>\n\n\n\n<p>Como ocurre anualmente, coincidentemente con el comienzo de las actividades educativas se inauguran nuevos establecimientos y esta vez la apertura del ciclo lectivo se llevo a cabo en las instalaciones del Centro Polivalente de Arte del barrio Guadalupe que se convierte en el edificio 1372 construido durante la gesti\u00f3n del actual mandatario.<\/p>\n\n\n\n<p>Durante la ceremonia se entregaron equipos deportivos y kits escolares a alumnos y dodentes del establecimiento como esta ocurriendo con 250.000 que se distrubuyen en la misma jornada en la totalidad de los establecimientos de ense\u00f1anzas de la provincia y los diferentes niveles de la ense\u00f1anza.<br>Insfran se mostro complacido de compartir la jornada con la comunidad educativa del CPA y utilizo la ocasi\u00f3n para memorar a la profesora Monona Donkin, impulsora de su fundaci\u00f3n as\u00ed como tambi\u00e9n los distintos lugares que se utilizaron para su funcionamiento hasta que, finalmente, consigui\u00f3 que se construyese su edificio propio.<\/p>\n\n\n\n<p>Explicaba el gobernador que en otros tiempos cuando se anunciaba la creaci\u00f3n nde una escuela todo quedaba reducido a la designaci\u00f3n del director y el personal docente dejando que la comunidad s eencargara de resolver la cuesti\u00f3n vinculada con la infraestructura que deb\u00eda cobijar a alumnos y maestros.<\/p>\n\n\n\n<p>Luego de mencionar que la Modelo Formose\u00f1o hab\u00eda puesto a disposici\u00f3n de la comunidad 1372 edificios, manifest\u00f3 que para su gesti\u00f3n la escuela no se reduce a la designaci\u00f3n de sus docentes sino que es el hogar de la comunidad educativa que participa conjuntamente en un espacio confortable donde educadores y educandos se sientan c\u00f3modos para el desarrollo del proceso de ense\u00f1anza y aprendiza.<\/p>\n\n\n\n<p>Tras mencionar que en su dialogo con el ministro Trotta se hab\u00eda acordado darle continuidad din\u00e1mica a obras que hab\u00edan sido paralizadas o demoradas en su ejecuci\u00f3n por efecto de las pol\u00edticas del gobierno anterior al actual hizo publica una de las ense\u00f1anzas del ex presidente Per\u00f3n cuando advert\u00eda que las personas no debian actuar de modo apresurado ni retardatorio y aguardar que las cosas llegasen a su medida y armoniosamente.<\/p>\n\n\n\n<p>Las cito para pedir a las comunidades educativas que tienen a las escuelas casi terminadas que no se apresuren ya que ser\u00e1n inauguradas en poco tiempo mas, mencionando los casos de las unidades educativas del barrio San Antonio, la numero 19 del barrio La Paz pidi\u00e9ndoles a los docentes que no incentiven la discordia y el mal humor entre la comunidad ya que su rol esta destinado para otras cosas mas importantes y sembrar amor.<\/p>\n\n\n\n<p>Dirigi\u00e9ndose al ministro Trotta le agradeci\u00f3 por su presencia en Formosa y , sobre todo, \u201c por no haber hecho una visita de m\u00e9dico como acostumbran hacerlo quienes llegan de la ciudad de Buenos Aires\u201d.<\/p>\n\n\n\n<p>Comento que en las conversaciones mantenidas le hab\u00eda comentado que los \u00faltimos cuatro a\u00f1os fueron duros para los formose\u00f1os y que hay muchas obras que quedaron paralizadas, as\u00ed como tambi\u00e9n el compromiso del visitante de que se volver\u00e1n a retomar y concretar los sue\u00f1os que han quedado incumplidos.<\/p>\n\n\n\n<p>Al mencionar un pasaje del discurso del ministro Alberto Zorrilla el doctor Insfran aludio al tema del individualismo y a la visi\u00f3n de su gobierno de construir en comunidad.<\/p>\n\n\n\n<p>\u201cEl individualismo es el alma del capitalismo y si a esto loe llaman grieta y con este cuento crearon el opdio entre nosotros, no tenemos que ser zonzos y entender que la construcci\u00f3n siempre tiene que ser colectiva porque si es individual ser\u00e1n muchos los que queden en el camino.<\/p>\n\n\n\n<p>Trascart\u00f3n enfatizo que \u201c en esta provincia, por convicci\u00f3n ideol\u00f3gica, hemos defendido todos juntos , en estos cuatro a\u00f1os, a la escuela publica y no hemos dado el brazo a torcer\u201d.<\/p>\n\n\n\n<p>Menciono las expresiones de la ex gobernadora de Buenos Airees cuando planteaba su postura contraria a la creaci\u00f3n de tantas universidades si el pobre nunca llega a ese lugar.<\/p>\n\n\n\n<p>\u201cL\u00f3gico\u2026..nunca llega a ese lugar en el contexto de u ideolog\u00eda\u201d, fundamento.<\/p>\n\n\n\n<p>Tambi\u00e9n se refiri\u00f3 a lo que acontece en la CABA para se\u00f1alar que solamente el 32% de la matricula se registra en las escuelas publicas y el resto lo hace en las escuelas privadas.<\/p>\n\n\n\n<p>\u201cConsecuentemente, allo no se busca la formaci\u00f3n de las personas sino clientes;porque la diferencia radica en que en la escuela privada los ni\u00f1os son alumnos y en la privada son clientes, esa es la diferencia\u201d, significo.\n\n<\/p>\n","protected":false},"excerpt":{"rendered":"<p>El gobernador Gildo Insfr\u00e1n presidio este lunes el acto de inicio oficial de las clases<\/p>\n","protected":false},"author":3,"featured_media":25316,"comment_status":"open","ping_status":"open","sticky":false,"template":"","format":"standard","meta":{"footnotes":""},"categories":[1],"tags":[],"class_list":["post-25315","post","type-post","status-publish","format-standard","has-post-thumbnail","hentry","category-noticias"],"_links":{"self":[{"href":"https:\/\/24formosa.com.ar\/index.php?rest_route=\/wp\/v2\/posts\/25315","targetHints":{"allow":["GET"]}}],"collection":[{"href":"https:\/\/24formosa.com.ar\/index.php?rest_route=\/wp\/v2\/posts"}],"about":[{"href":"https:\/\/24formosa.com.ar\/index.php?rest_route=\/wp\/v2\/types\/post"}],"author":[{"embeddable":true,"href":"https:\/\/24formosa.com.ar\/index.php?rest_route=\/wp\/v2\/users\/3"}],"replies":[{"embeddable":true,"href":"https:\/\/24formosa.com.ar\/index.php?rest_route=%2Fwp%2Fv2%2Fcomments&post=25315"}],"version-history":[{"count":1,"href":"https:\/\/24formosa.com.ar\/index.php?rest_route=\/wp\/v2\/posts\/25315\/revisions"}],"predecessor-version":[{"id":25317,"href":"https:\/\/24formosa.com.ar\/index.php?rest_route=\/wp\/v2\/posts\/25315\/revisions\/25317"}],"wp:featuredmedia":[{"embeddable":true,"href":"https:\/\/24formosa.com.ar\/index.php?rest_route=\/wp\/v2\/media\/25316"}],"wp:attachment":[{"href":"https:\/\/24formosa.com.ar\/index.php?rest_route=%2Fwp%2Fv2%2Fmedia&parent=25315"}],"wp:term":[{"taxonomy":"category","embeddable":true,"href":"https:\/\/24formosa.com.ar\/index.php?rest_route=%2Fwp%2Fv2%2Fcategories&post=25315"},{"taxonomy":"post_tag","embeddable":true,"href":"https:\/\/24formosa.com.ar\/index.php?rest_route=%2Fwp%2Fv2%2Ftags&post=25315"}],"curies":[{"name":"wp","href":"https:\/\/api.w.org\/{rel}","templated":true}]}}