{"id":25301,"date":"2020-03-01T18:51:41","date_gmt":"2020-03-01T21:51:41","guid":{"rendered":"https:\/\/24formosa.com.ar\/?p=25301"},"modified":"2020-03-01T18:51:42","modified_gmt":"2020-03-01T21:51:42","slug":"jofre-ratifico-el-rumbo-de-sus-politicas-informo-de-superavit-y-anuncio-plan-estrategico-a-veinte-anos","status":"publish","type":"post","link":"https:\/\/24formosa.com.ar\/?p=25301","title":{"rendered":"Jofr\u00e9 ratific\u00f3 el rumbo de sus pol\u00edticas, inform\u00f3 de super\u00e1vit y anunci\u00f3 plan estrat\u00e9gico a veinte a\u00f1os"},"content":{"rendered":"\n<p>\n\nEl intendente de la ciudad, Jorge Jofr\u00e9, destac\u00f3 que cumpli\u00f3 con el objetivo trazado en su primer mandato y que, al arrancar con un segundo per\u00edodo, en el voto popular hay impl\u00edcito un empoderamiento social, por lo cual ratific\u00f3 el rumbo de sus pol\u00edticas de una ciudad moderna, inclusiva, participativa, autosustentable y con perfil tur\u00edstico.<\/p>\n\n\n\n<p>Adem\u00e1s, inform\u00f3 el logro de otro a\u00f1o de super\u00e1vit al se\u00f1alar que las cuentas del ejercicio fiscal de 2019 arrojaron un balance positivo de 98.319.216,21 pesos.<\/p>\n\n\n\n<p>As\u00ed lo se\u00f1al\u00f3 al hablar el domingo 1 de marzo ante el Concejo Deliberante capitalino donde brind\u00f3 un informe de su gesti\u00f3n, dirigi\u00f3 un mensaje a los vecinos y declar\u00f3 abierto el per\u00edodo ordinario de sesiones del parlamento municipal.<\/p>\n\n\n\n<p>Estuvieron presentes el presidente del HCD, Dar\u00edo Di Martino; el ministro de Gobierno, Justicia, Seguridad y Trabajo, Dr. Jorge Gonz\u00e1lez; el jefe de Gabinete municipal, Dr. Mauricio Nadalich; el jefe de la Polic\u00eda Provincial, Crio. Gral. Walter Arroyo; el Defensor del Pueblo, Leonardo Gialluca; diputados, concejales, funcionarios comunales, miembros de las fuerzas armadas y de seguridad, representantes gremiales y de organizaciones libres del pueblo, militantes y vecinos de la ciudad.<\/p>\n\n\n\n<p>Respecto a las cuentas p\u00fablicas, el intendente brind\u00f3 el siguiente detalle: Ingresos: coparticipaci\u00f3n, 1.287.776.143,51 pesos; planes y programas nacionales, 38.914.900,88 pesos; aportes del gobierno provincial, 562.255.542,36 pesos; y recaudaci\u00f3n por tributos municipales, 604.096.710,25 pesos; lo que totaliza en ingresos 2.493.043.297,00 pesos. Egresos: salarios y cargas sociales, 702.402.988,74 pesos; bienes y servicios p\u00fablicos, 1.354.044.266,40 pesos; bienes de capital, 8.230.930,27; inversiones en obras p\u00fablicas, 345.620.044,09; acuerdo (AC TEC) Honorable Concejo Deliberante, 7.382.278,54 y deudas pagadas de ejercicios anteriores, 67.593.278,51 pesos; lo que cuantifica un total de erogaciones de 2.485.273.786,55 pesos. Del contraste entre ingresos y egresos surge el super\u00e1vit financiero acumulado de 98.319.216,21 pesos, inform\u00f3 Jofr\u00e9.<\/p>\n\n\n\n<p>A continuaci\u00f3n, el jefe comunal anunci\u00f3 la pr\u00f3xima presentaci\u00f3n del plan de ordenamiento territorial POT FOR 2040, que ratificar\u00e1 el rumbo de la ciudad que los formose\u00f1os han elegido.<\/p>\n\n\n\n<p>Al respecto, explic\u00f3 que el programa surge de un diagn\u00f3stico exhaustivo y realista de las potencialidades de la ciudad en cuanto a su ubicaci\u00f3n geopol\u00edtica, geograf\u00eda, riquezas naturales, poblaci\u00f3n y debilidades que deben atenderse.<\/p>\n\n\n\n<p>A partir de all\u00ed -prosigui\u00f3 Jofr\u00e9- fueron definidas siete l\u00edneas estrat\u00e9gicas de las que se desprenden noventa proyectos e ideas realizables.<\/p>\n\n\n\n<p>Precis\u00f3 que se trata de objetivos que buscan convertir a Formosa en \u201cun nodo log\u00edstico internacional; una ciudad natural y sostenible; una ciudad compacta y con calidad de vida; una ciudad con movilidad integrada; una ciudad con m\u00e1s espacio p\u00fablico y patrimonio; una ciudad conectada, equipada y descentralizada; una ciudad que produce, emplea e incluye\u201d.<\/p>\n\n\n\n<p>Seguidamente, incluy\u00f3 entre los anuncios la implementaci\u00f3n de un Sistema de Gesti\u00f3n Operativa que consiste en la informatizaci\u00f3n de todas las \u00e1reas -que permita el an\u00e1lisis de datos- lo que dar\u00e1 a la gesti\u00f3n agilidad y eficiencia y a los vecinos mayor acceso.<\/p>\n\n\n\n<p>Acot\u00f3 que esa plataforma se denominar\u00e1 \u201cFormosa tu ciudad digital\u201d, estar\u00e1 funcionando en breve y dar\u00e1 mayor participaci\u00f3n a los vecinos tendiendo a una mayor transparencia y celeridad en las respuestas.<\/p>\n\n\n\n<p>Balance<\/p>\n\n\n\n<p>Al inicio de su discurso, Jofr\u00e9 mencion\u00f3 que las acciones y programas desarrollados en el a\u00f1o anterior deben enmarcarse en lo que fue su primera gesti\u00f3n, antes de lograr la reelecci\u00f3n, y que en ese contexto deben evaluarse como un todo, a partir de las premisas de aquellos compromisos asumidos y cumplidos.<\/p>\n\n\n\n<p>Habl\u00f3 de la construcci\u00f3n de un contrato social nuevo con vecinas y vecinos, en el marco del Modelo Formose\u00f1o, y encaminar su gesti\u00f3n sobre las directrices pol\u00edticas de una Formosa moderna, participativa, inclusiva y sustentable.<\/p>\n\n\n\n<p>A\u00f1adi\u00f3 a esos ejes el perfil tur\u00edstico de la ciudad que pone en valor su historia, cultura, identidad y bellezas naturales para dar dinamismo a la econom\u00eda local y estimular el trabajo para todos los habitantes.<\/p>\n\n\n\n<p>Afirm\u00f3 que para cumplir con esos objetivos se llev\u00f3 adelante una gesti\u00f3n de puertas abiertas, con la participaci\u00f3n de los vecinos, a fin de que la ciudadan\u00eda no sea considerada un \u201cmero expediente\u201d burocr\u00e1tico ni tampoco solamente beneficiaria de servicios municipales, sino part\u00edcipes necesarios de la transformaci\u00f3n a partir de un empoderamiento que haga suyas las propuestas y, a la vez, sean m\u00e1s cooperativos.<\/p>\n\n\n\n<p>Luego enfatiz\u00f3 que la s\u00edntesis de los logros por \u00e1reas demuestra claramente que \u201cse hizo honor a la palabra empe\u00f1ada con vecinas y vecinos de Formosa\u201d y resalt\u00f3 que aquel rumbo que fue trazado en su primer per\u00edodo y llevado adelante pese a cambiantes y dif\u00edciles momentos es nuevamente ratificado.<\/p>\n\n\n\n<p>Aclar\u00f3 que tales premisas se cumplieron a\u00fan en condiciones altamente desfavorables de la econom\u00eda nacional, que impact\u00f3 en los bolsillos de los argentinos y en las arcas de los Estados municipales y provinciales en t\u00e9rminos reales.<\/p>\n\n\n\n<p>Por ello, destac\u00f3 el auspicioso hecho de la voluntad de pago de los contribuyentes que permiti\u00f3 mantener el ritmo operativo del municipio.<\/p>\n\n\n\n<p>En el recinto del parlamento municipal Jofr\u00e9 hizo un detallado informe por \u00e1reas de todo lo realizado, entre las que destac\u00f3 el avance en materia de titularizaci\u00f3n de terrenos y las tareas para crear un \u201cBanco Municipal de Tierras Fiscales\u201d.<\/p>\n\n\n\n<p>Tras mencionar el avance en materia de los servicios b\u00e1sicos de la Municipalidad, con cifras precisas y menciones exactas de lugares y sectores intervenidos, Jofr\u00e9 destac\u00f3 las obras de pavimentaci\u00f3n que se llevaron adelante para disminuir el mayor d\u00e9ficit de la ciudad, gracias al apoyo permanente del gobierno provincial y tambi\u00e9n de los vecinos a trav\u00e9s del Plan de Financiamiento Compartido.<\/p>\n\n\n\n<p>Dijo que se sumaron 88 nuevas cuadras de pavimento en calles estrat\u00e9gicamente elegidas, mientras que otras 240 cuadras de calles principales de distintos barrios fueron intervenidas con ripio nuevo y pol\u00edmero.<\/p>\n\n\n\n<p>Respecto al transporte p\u00fablico de pasajeros, subray\u00f3 que gracias al aporte del Tesoro Provincial de 15 millones de pesos mensuales se sostuvo el costo del boleto, con el valor m\u00e1s bajo en la regi\u00f3n, y mantener los beneficios del boleto estudiantil y del transporte diferencial para discapacitados, ambos gratuitos.<\/p>\n\n\n\n<p>En otro tramo de su resumen de gesti\u00f3n el jefe comunal destac\u00f3 el acierto de las pol\u00edticas de descentralizaci\u00f3n del municipio, como lo demuestra el funcionamiento del Centro C\u00edvico N\u00b0 1 en la Jurisdicci\u00f3n Cinco.<\/p>\n\n\n\n<p>Por tal motivo -agreg\u00f3- se avanzar\u00e1 en esa direcci\u00f3n y anunci\u00f3 que se iniciaron los trabajos para un segundo Centro C\u00edvico que estar\u00e1 ubicado en Villa del Carmen para atender a todo ese sector recientemente incorporado al ejido municipal.<\/p>\n\n\n\n<p>Asimismo, mencion\u00f3 que se iniciaron los trabajos de construcci\u00f3n del nuevo cementerio en la Jurisdicci\u00f3n Cinco, al que se anexar\u00e1 m\u00e1s superficie.<\/p>\n\n\n\n<p>Resalt\u00f3 tambi\u00e9n la puesta en marcha, tras d\u00e9cadas de abandono, de la planta asf\u00e1ltica municipal, que ha permitido llevar adelante un programa de mantenimiento integral de calles pavimentadas, evitando el deterioro, y tambi\u00e9n la construcci\u00f3n de 1.700 metros de veredas comunitarias.<\/p>\n\n\n\n<p>En su exhaustivo informe, el intendente aludi\u00f3 a todas las acciones realizadas en materia de iluminaci\u00f3n; espacios verdes; ordenamiento del tr\u00e1nsito; acciones culturales y de festivales que convocaron no solo a la comunidad formose\u00f1a sino a un total de 72.922 turistas en el 2019, que \u201cconfirma a Formosa como un destino tur\u00edstico emergente\u201d, recalc\u00f3.<\/p>\n\n\n\n<p>Adem\u00e1s, aludi\u00f3 a las pol\u00edticas de promoci\u00f3n del deporte y la recreaci\u00f3n.<\/p>\n\n\n\n<p>En uno de los pasajes centrales subray\u00f3 el apuntalamiento al desarrollo local que se enmarca en la dignificaci\u00f3n de las personas y, a la vez, se enlaza transversalmente con otros ejes pol\u00edticos, como la salud, a trav\u00e9s de programas espec\u00edficos. En este \u00faltimo marco situ\u00f3 al Centro Municipal de Atenci\u00f3n Animal \u201cSan Roque\u201d.<\/p>\n\n\n\n<p>A continuaci\u00f3n, certific\u00f3 los avances logrados, tras inducir a cambios de actitud, en materia de una ciudad que incluya a todos con pol\u00edticas para la igualdad de oportunidades que se desarrollan en su gesti\u00f3n, como la celebraci\u00f3n de Tus 15 A\u00f1os; la SUBE inclusiva; la Escuela de Artes y Oficios; los bolsones saludables; el acompa\u00f1amiento escolar; la atenci\u00f3n a los adultos mayores y la adecuaci\u00f3n de la estructura de la ciudad para personas con discapacidad, entre otras acciones que fue detallando.<\/p>\n\n\n\n<p>En tal marco, Jofr\u00e9 tribut\u00f3 su reconocimiento a las trabajadoras y trabajadores municipales y a los cooperativistas que lo hicieron sentirse acompa\u00f1ado en la ejecuci\u00f3n de sus pol\u00edticas.<\/p>\n\n\n\n<p>En la parte final de su discurso, dedic\u00f3 un abordaje a la acci\u00f3n pol\u00edtica al entender que la administraci\u00f3n nacional anterior dej\u00f3 al pa\u00eds al borde del abismo, pero consider\u00f3 que con el peronismo nuevamente en el poder se podr\u00e1 volver a poner al pa\u00eds de pie.<\/p>\n\n\n\n<p>Al respecto, valor\u00f3 el Modelo Formose\u00f1o que conduce el gobernador Gildo Insfr\u00e1n por cuanto le dio a la provincia un lugar en la historia del pa\u00eds, a trav\u00e9s de la unidad del movimiento nacional y el ideario de Juan Domingo Per\u00f3n.<\/p>\n\n\n\n<p>Por eso, consider\u00f3 que \u201cno son tiempos para las aventuras personales o sectoriales medi\u00e1ticas y marketineras. Estos son tiempos de la alta pol\u00edtica, de los intereses colectivos, del bien com\u00fan\u201d.<\/p>\n\n\n\n<p>\u201cTiempos de sacar el bast\u00f3n de mariscal del que hablaba Per\u00f3n para reconstruir en unidad la Naci\u00f3n. Tiempos del consenso nacional, con todos y todas, con los j\u00f3venes, los trabajadores y trabajadoras, con los empresarios y las empresarias, con las mujeres, con los colectivos de la diversidad, con todos aquellos que no renuncian al sue\u00f1o de una Naci\u00f3n pol\u00edticamente soberana, econ\u00f3micamente independiente, socialmente justa y un pueblo feliz\u201d.<\/p>\n\n\n\n<p>\u201cQue el Alt\u00edsimo nos ayude y que, como siempre, nuestra Santa Patrona, la V\u00edrgen del Carmen, extienda su manto protector sobre todos los formose\u00f1os y las formose\u00f1as\u201d concluy\u00f3.<br><\/p>\n","protected":false},"excerpt":{"rendered":"<p>El intendente de la ciudad, Jorge Jofr\u00e9, destac\u00f3 que cumpli\u00f3 con el objetivo trazado en<\/p>\n","protected":false},"author":3,"featured_media":25302,"comment_status":"open","ping_status":"open","sticky":false,"template":"","format":"standard","meta":{"footnotes":""},"categories":[1],"tags":[],"class_list":["post-25301","post","type-post","status-publish","format-standard","has-post-thumbnail","hentry","category-noticias"],"_links":{"self":[{"href":"https:\/\/24formosa.com.ar\/index.php?rest_route=\/wp\/v2\/posts\/25301","targetHints":{"allow":["GET"]}}],"collection":[{"href":"https:\/\/24formosa.com.ar\/index.php?rest_route=\/wp\/v2\/posts"}],"about":[{"href":"https:\/\/24formosa.com.ar\/index.php?rest_route=\/wp\/v2\/types\/post"}],"author":[{"embeddable":true,"href":"https:\/\/24formosa.com.ar\/index.php?rest_route=\/wp\/v2\/users\/3"}],"replies":[{"embeddable":true,"href":"https:\/\/24formosa.com.ar\/index.php?rest_route=%2Fwp%2Fv2%2Fcomments&post=25301"}],"version-history":[{"count":1,"href":"https:\/\/24formosa.com.ar\/index.php?rest_route=\/wp\/v2\/posts\/25301\/revisions"}],"predecessor-version":[{"id":25303,"href":"https:\/\/24formosa.com.ar\/index.php?rest_route=\/wp\/v2\/posts\/25301\/revisions\/25303"}],"wp:featuredmedia":[{"embeddable":true,"href":"https:\/\/24formosa.com.ar\/index.php?rest_route=\/wp\/v2\/media\/25302"}],"wp:attachment":[{"href":"https:\/\/24formosa.com.ar\/index.php?rest_route=%2Fwp%2Fv2%2Fmedia&parent=25301"}],"wp:term":[{"taxonomy":"category","embeddable":true,"href":"https:\/\/24formosa.com.ar\/index.php?rest_route=%2Fwp%2Fv2%2Fcategories&post=25301"},{"taxonomy":"post_tag","embeddable":true,"href":"https:\/\/24formosa.com.ar\/index.php?rest_route=%2Fwp%2Fv2%2Ftags&post=25301"}],"curies":[{"name":"wp","href":"https:\/\/api.w.org\/{rel}","templated":true}]}}