{"id":25253,"date":"2020-02-16T11:30:41","date_gmt":"2020-02-16T14:30:41","guid":{"rendered":"https:\/\/24formosa.com.ar\/?p=25253"},"modified":"2020-02-16T11:30:41","modified_gmt":"2020-02-16T14:30:41","slug":"fernandez-patri-quienes-destruyeron-el-poder-adquisitivo-de-los-jubilados-ahora-ensenan-lo-que-hay-que-hacer","status":"publish","type":"post","link":"https:\/\/24formosa.com.ar\/?p=25253","title":{"rendered":"Fern\u00e1ndez Patri: \u201cQuienes destruyeron el poder adquisitivo de los jubilados, ahora ense\u00f1an lo que hay que hacer\u201d"},"content":{"rendered":"\n<p>\n\nEl Gobierno Nacional anunci\u00f3 recientemente el aumento del 13% en las jubilaciones y pensiones m\u00ednimas, asignaciones familiares y las AUH. En el caso de las jubilaciones y pensiones representan el 75% del universo previsional, es decir, 5,2 millones de personas podr\u00e1n mejorar sus ingresos al d\u00eda de hoy y les permitir\u00e1 optimizar su calidad de vida.<\/p>\n\n\n\n<p>Esto significa que los aumentos beneficiar\u00e1n directamente a los sectores m\u00e1s bajos que quedaron excluidos y discriminados por las pol\u00edticas del Gobierno de Cambiemos. Con esta medida, el Gobierno Nacional logra una recomposici\u00f3n salarial, un equilibro y equidad en la econom\u00eda de los que menos tienen y garantizando la seguridad social que se perdi\u00f3 con el gobierno anterior.<\/p>\n\n\n\n<p>\u201cEl diputado nacional Ricardo Buryaile, quiere, ahora, convencernos de que defiende a los jubilados, asegurando que con las actuales medidas se mete la mano en los bolsillos de los jubilados cuando lo que est\u00e1 sucediendo, en realidad es que se mejoran los ingresos, con una recomposici\u00f3n de sus haberes\u201d argument\u00f3 el diputado nacional Ramiro Fern\u00e1ndez Patri.<\/p>\n\n\n\n<p>Y pidi\u00f3 que Buryaile tenga en cuenta que 13,6 millones de personas recibir\u00e1n un incremento en su haber que superar\u00e1 el 11,56% que hubiesen percibido con la f\u00f3rmula de movilidad jubilatoria aprobada en 2017 con el anterior gobierno.<\/p>\n\n\n\n<p>\u201cEsta medida en beneficio de los sectores m\u00e1s castigados por la profunda crisis en la que dejaron el pa\u00eds, no solo garantiza el 13% de aumento, sino tambi\u00e9n el 86,8% de las prestaciones aumentan m\u00e1s que con la aplicaci\u00f3n de la f\u00f3rmula de movilidad suspendida meses atr\u00e1s y m\u00e1s del 18,8% es el aumento de la jubilaci\u00f3n m\u00ednima de bolsillo sumando: el bono de $ 5000 otorgado en diciembre de 2019 y enero 2020, m\u00e1s el aumento en el mes de marzo de este a\u00f1o\u201d expres\u00f3.<\/p>\n\n\n\n<p>Se\u00f1al\u00f3 adem\u00e1s que \u201cLa recomposici\u00f3n salarial genera cambios en el cuadro de percepciones mensuales de los beneficiarios a partir del 1\u00b0 de Marzo, el 13% se compone de $ 1500 de suma fija y adicionalmente recibe un 2,3% m\u00e1s; de esta manera los jubilados y pensionados que percib\u00edan una m\u00ednima de $14.068 pasar\u00e1n a cobrar $15.891,50. Por otro lado, con el mismo porcentaje de aumento, las asignaciones familiares y los titulares de la Asignaci\u00f3n Universal por Hijo (AUH), de $2746 pasar\u00e1n a percibir $3103. Mientras que la asignaci\u00f3n familiar por nacimiento ser\u00e1 de $3505 y por matrimonio $5416\u201d.<\/p>\n\n\n\n<p>\u201cEstos incrementos quedar\u00e1n incorporados al haber de los 4,1 millones de beneficiarios de la AUH y a los 3,2 millones de asignaciones familiares\u201d insisti\u00f3.<\/p>\n\n\n\n<p>Insisti\u00f3 adem\u00e1s al contestarle a Buryaile \u201c que la salud es un derecho y la gesti\u00f3n de Mauricio Macri destruy\u00f3 completamente las pol\u00edticas de igualdad social aplicando desastrosas medidas como por ejemplo la eliminaci\u00f3n de medicamentos que se otorgaban gratuitamente a millones de jubilados\u201d.<\/p>\n\n\n\n<p>\u201cEsta situaci\u00f3n hoy da un giro, ya que el Gobierno de Alberto Fern\u00e1ndez considera que los remedios son bienes sociales y componen un derecho esencial. Por esa raz\u00f3n, 5 millones de jubiladas y jubilados podr\u00e1n acceder gratuitamente a 170 medicamentos siendo afiliados del PAMI\u201d recalc\u00f3.<\/p>\n\n\n\n<p>Pidi\u00f3 recordar Fern\u00e1ndez Patri que \u201cCon claridad vemos que el Gobierno actual con 60 d\u00edas de gesti\u00f3n, se diferencia claramente del anterior, por ejercer pol\u00edticas de igualdad, equidad y garant\u00eda social. Los compromisos que se asumieron desde un principio, hoy se est\u00e1n cumpliendo al ponerse del lado de quienes m\u00e1s necesitan, es decir los sectores m\u00e1s castigados y para que ese 40% de pobreza que dej\u00f3 Mauricio Macri vaya disminuyendo, creciendo como pa\u00eds y construyendo un futuro en esta Argentina de pie\u201d.<br><\/p>\n","protected":false},"excerpt":{"rendered":"<p>El Gobierno Nacional anunci\u00f3 recientemente el aumento del 13% en las jubilaciones y pensiones m\u00ednimas,<\/p>\n","protected":false},"author":3,"featured_media":25254,"comment_status":"open","ping_status":"open","sticky":false,"template":"","format":"standard","meta":{"footnotes":""},"categories":[1],"tags":[],"class_list":["post-25253","post","type-post","status-publish","format-standard","has-post-thumbnail","hentry","category-noticias"],"_links":{"self":[{"href":"https:\/\/24formosa.com.ar\/index.php?rest_route=\/wp\/v2\/posts\/25253","targetHints":{"allow":["GET"]}}],"collection":[{"href":"https:\/\/24formosa.com.ar\/index.php?rest_route=\/wp\/v2\/posts"}],"about":[{"href":"https:\/\/24formosa.com.ar\/index.php?rest_route=\/wp\/v2\/types\/post"}],"author":[{"embeddable":true,"href":"https:\/\/24formosa.com.ar\/index.php?rest_route=\/wp\/v2\/users\/3"}],"replies":[{"embeddable":true,"href":"https:\/\/24formosa.com.ar\/index.php?rest_route=%2Fwp%2Fv2%2Fcomments&post=25253"}],"version-history":[{"count":1,"href":"https:\/\/24formosa.com.ar\/index.php?rest_route=\/wp\/v2\/posts\/25253\/revisions"}],"predecessor-version":[{"id":25255,"href":"https:\/\/24formosa.com.ar\/index.php?rest_route=\/wp\/v2\/posts\/25253\/revisions\/25255"}],"wp:featuredmedia":[{"embeddable":true,"href":"https:\/\/24formosa.com.ar\/index.php?rest_route=\/wp\/v2\/media\/25254"}],"wp:attachment":[{"href":"https:\/\/24formosa.com.ar\/index.php?rest_route=%2Fwp%2Fv2%2Fmedia&parent=25253"}],"wp:term":[{"taxonomy":"category","embeddable":true,"href":"https:\/\/24formosa.com.ar\/index.php?rest_route=%2Fwp%2Fv2%2Fcategories&post=25253"},{"taxonomy":"post_tag","embeddable":true,"href":"https:\/\/24formosa.com.ar\/index.php?rest_route=%2Fwp%2Fv2%2Ftags&post=25253"}],"curies":[{"name":"wp","href":"https:\/\/api.w.org\/{rel}","templated":true}]}}