{"id":25236,"date":"2020-02-12T21:28:51","date_gmt":"2020-02-13T00:28:51","guid":{"rendered":"https:\/\/24formosa.com.ar\/?p=25236"},"modified":"2020-02-12T21:28:52","modified_gmt":"2020-02-13T00:28:52","slug":"formosa-figura-como-una-de-las-capitales-del-pais-a-proponerse","status":"publish","type":"post","link":"https:\/\/24formosa.com.ar\/?p=25236","title":{"rendered":"Formosa figura como una de las capitales del pa\u00eds a proponerse"},"content":{"rendered":"\n<p>\n\nEl presidente Alberto Fern\u00e1ndez envi\u00f3 el proyecto de ley al Congreso para declarar durante los pr\u00f3ximos cuatro a\u00f1os \u00abcapitales alternas\u00bb a 24 ciudades con el objetivo de \u00abprofundizar la implementaci\u00f3n de pol\u00edticas de descentralizaci\u00f3n y federalizaci\u00f3n, acercar la gesti\u00f3n y los asuntos de gobierno a todo el territorio nacional\u00bb. La iniciativa se sum\u00f3 al temario que se tratar\u00e1 en sesiones extraordinarias.<\/p>\n\n\n\n<p>En el listado, al que obtuvo acceso el diario LA NACION, aparecen La Matanza (Buenos Aires), R\u00edo Cuarto (C\u00f3rdoba), Tinogasta (Catamarca), Goya (Corrientes), Formosa, Chilecito (La Rioja), Bariloche (Rio Negro), Guaymall\u00e9n (Mendoza), Or\u00e1n (Salta) y Rosario (Santa Fe), entre otras.<\/p>\n\n\n\n<p>La conformaci\u00f3n del denominado \u00abgabinete federal\u00bb, una promesa de campa\u00f1a del Presidente que se vio postergada por las urgencias que encontr\u00f3 el jefe del Estado en los primeros 45 d\u00edas de gesti\u00f3n, consiste en la realizaci\u00f3n cada 30 d\u00edas de reuniones de gabinete en distintos puntos del pa\u00eds. La convocatoria, seg\u00fan el proyecto de ley, quedar\u00e1 a cargo del jefe de Gabinete, Santiago Cafiero, y la coordinaci\u00f3n y el plan de trabajo que resulte del encuentro estar\u00e1 liderado por el ministro del Interior, Eduardo \u00abWado\u00bb De Pedro.<\/p>\n\n\n\n<p>El art\u00edculo 6 establece, adem\u00e1s, la federalizaci\u00f3n de la gesti\u00f3n nacional, a partir de la descentralizaci\u00f3n de organismos del Estado nacional e, incluso, la radicaci\u00f3n definitiva de dependencias del gobierno nacional en el interior \u00abcon el fin de acercar la gesti\u00f3n y los asuntos de gobierno a todo el pa\u00eds conforme a las potencialidades o problem\u00e1ticas de las diversas regiones que lo componen\u00bb.<\/p>\n\n\n\n<p>La decisi\u00f3n final para el traslado de alg\u00fan organismo ser\u00e1 del Presidente, quien se comprometi\u00f3 a visitar todas las capitales alternas en un plazo de dos a\u00f1os. Como adelant\u00f3 LA NACION hace poco m\u00e1s de un mes, Fern\u00e1ndez no viajar\u00e1 con todo el gabinete, sino con no m\u00e1s de 10 que tengan temas para tratar en esos distritos. Asimismo, tambi\u00e9n podr\u00eda incluir a secretarios y funcionarios del Poder Ejecutivo y representantes de las organizaciones de la sociedad civil.<\/p>\n\n\n\n<p>La aprobaci\u00f3n de la norma marcar\u00e1 un cambio radical para la forma en la que construye y distribuye el poder, es que ser\u00e1 la primera vez que el jefe del Estado re\u00fana a tantos ministros a la vez.<br>El Gobierno busca tambi\u00e9n con este programa reforzar el v\u00ednculo con los gobernadores. En las primeras semanas en la Casa de Gobierno, Fern\u00e1ndez, Cafiero y De Pedro recibieron a los 24 mandatarios provinciales.<\/p>\n\n\n\n<p>\u00abDe acuerdo con el principio fundamental del federalismo todas las provincias deben hallarse en igualdad de condiciones. Sin embargo, una de las caracter\u00edsticas de nuestro pa\u00eds es, justamente la existencia de importantes desigualdades entre sus regiones. Dichas asimetr\u00edas territoriales deben ser objeto de pol\u00edticas p\u00fablicas que busquen su superaci\u00f3n\u00bb, argument\u00f3 el Presidente en la iniciativa.<\/p>\n\n\n\n<p>Y agreg\u00f3: \u00abLa articulaci\u00f3n de las funciones entre la Naci\u00f3n, las provincias, la Ciudad Aut\u00f3noma de Buenos Aires y las ciudades y municipios de la Argentina debe buscar garantizar la igualdad en los niveles de prestaci\u00f3n de servicios p\u00fablicos, equipamientos e infraestructuras. Al mismo tiempo, se debe procurar acercar el Gobierno a las realidades de las diversas jurisdicciones, as\u00ed como tambi\u00e9n, impactar positivamente en las econom\u00edas regionales\u00bb.<\/p>\n\n\n\n<p>El proyecto, que en la Casa Rosada descuentan tendr\u00e1n el respaldo de la oposici\u00f3n, se inspir\u00f3 en uno que impuls\u00f3 hace 20 a\u00f1os el exgobernador cordob\u00e9s Jos\u00e9 Manuel de la Sota. Al igual que ese a\u00f1o, la ciudad elegida en C\u00f3rdoba es R\u00edo Cuarto, que se transform\u00f3 en la primera ciudad en ser calificada como capital alterna.<\/p>\n\n\n\n<p>Durante la presentaci\u00f3n del proyecto, en septiembre \u00faltimo, el Presidente explic\u00f3 que \u00abcrear en cada provincia una capital alterna obliga al gobierno nacional a trasladarse una vez por mes ah\u00ed, y escuchar &#8216;in situ&#8217; los problemas\u00bb. Y remat\u00f3: \u00abUna cosa es ver estad\u00edsticas y otra es ver y escuchar a la gente, porque uno puede entender verdaderamente la dimensi\u00f3n del conflicto\u00bb.\n\n<\/p>\n","protected":false},"excerpt":{"rendered":"<p>El presidente Alberto Fern\u00e1ndez envi\u00f3 el proyecto de ley al Congreso para declarar durante los<\/p>\n","protected":false},"author":3,"featured_media":25237,"comment_status":"open","ping_status":"open","sticky":false,"template":"","format":"standard","meta":{"footnotes":""},"categories":[1],"tags":[],"class_list":["post-25236","post","type-post","status-publish","format-standard","has-post-thumbnail","hentry","category-noticias"],"_links":{"self":[{"href":"https:\/\/24formosa.com.ar\/index.php?rest_route=\/wp\/v2\/posts\/25236","targetHints":{"allow":["GET"]}}],"collection":[{"href":"https:\/\/24formosa.com.ar\/index.php?rest_route=\/wp\/v2\/posts"}],"about":[{"href":"https:\/\/24formosa.com.ar\/index.php?rest_route=\/wp\/v2\/types\/post"}],"author":[{"embeddable":true,"href":"https:\/\/24formosa.com.ar\/index.php?rest_route=\/wp\/v2\/users\/3"}],"replies":[{"embeddable":true,"href":"https:\/\/24formosa.com.ar\/index.php?rest_route=%2Fwp%2Fv2%2Fcomments&post=25236"}],"version-history":[{"count":1,"href":"https:\/\/24formosa.com.ar\/index.php?rest_route=\/wp\/v2\/posts\/25236\/revisions"}],"predecessor-version":[{"id":25238,"href":"https:\/\/24formosa.com.ar\/index.php?rest_route=\/wp\/v2\/posts\/25236\/revisions\/25238"}],"wp:featuredmedia":[{"embeddable":true,"href":"https:\/\/24formosa.com.ar\/index.php?rest_route=\/wp\/v2\/media\/25237"}],"wp:attachment":[{"href":"https:\/\/24formosa.com.ar\/index.php?rest_route=%2Fwp%2Fv2%2Fmedia&parent=25236"}],"wp:term":[{"taxonomy":"category","embeddable":true,"href":"https:\/\/24formosa.com.ar\/index.php?rest_route=%2Fwp%2Fv2%2Fcategories&post=25236"},{"taxonomy":"post_tag","embeddable":true,"href":"https:\/\/24formosa.com.ar\/index.php?rest_route=%2Fwp%2Fv2%2Ftags&post=25236"}],"curies":[{"name":"wp","href":"https:\/\/api.w.org\/{rel}","templated":true}]}}