{"id":25216,"date":"2020-02-07T21:03:01","date_gmt":"2020-02-08T00:03:01","guid":{"rendered":"https:\/\/24formosa.com.ar\/?p=25216"},"modified":"2020-02-07T21:03:01","modified_gmt":"2020-02-08T00:03:01","slug":"se-posterga-el-inicio-del-festival-de-la-corvina-de-rio","status":"publish","type":"post","link":"https:\/\/24formosa.com.ar\/?p=25216","title":{"rendered":"Se posterga el inicio del Festival de la Corvina de R\u00edo"},"content":{"rendered":"\n<p>\n\nAutoridades provinciales confirmaron que debido a la inestabilidad clim\u00e1tica reinante&nbsp; en la localidad de Herradura, qued\u00f3 postergado el inicio de la XVIII Fiesta Nacional de la Corvina del R\u00edo.<br>El montaje de los equipos de sonido e iluminaci\u00f3n que demandan el show art\u00edstico precisan de \u00f3ptimas condiciones clim\u00e1ticas para brindar as\u00ed seguridad al p\u00fablico que asistir\u00e1 al festival.<br>El Festival quedar\u00e1 inaugurado el s\u00e1bado a las 20 horas, de forma tal que en dos noches actuar\u00e1n los artistas previstos para esta gran fiesta.<br>\u201cSe posterga el inicio del festival art\u00edstico de la pesca de la Corvina para el s\u00e1bado a las 20 horas por cuestiones de seguridad b\u00e1sicamente y se mantienen el resto de las actividades programadas como v\u00f3ley de playa, cl\u00ednica de pesca y torneo de pesca\u201d explic\u00f3 el diputado nacional Ramiro Fern\u00e1ndez Patri, organizador del evento.<br>\u201cHicimos un an\u00e1lisis con la comisi\u00f3n organizadora, luego de una lluvia de 170 mil\u00edmetros que hubo hace 48 horas hace que las condiciones generales del predio no nos garantice la seguridad del predio, del escenario principal, con las luces y la electricidad, m\u00e1s la lluvia de ahora (20 mil\u00edmetros). Todo esto no nos hace tener la seguridad de que todo funcione como debe ser y no corramos peligro\u201d explic\u00f3 el legislador.<br>Reconoci\u00f3 el esfuerzo que hicieron los emprendedores para instalar sus stands, pero los invit\u00f3 a concurrir el s\u00e1bado, d\u00eda en que quedar\u00e1 inaugurado el festival.<br>En cuanto a la grilla de artistas, dijo Fern\u00e1ndez Patri dijo que se trabaja en la reprogramaci\u00f3n para que los \u201cprincipales puedan estar el s\u00e1bado y domingo\u201d.<br><strong>Pesca<\/strong><br>El s\u00e1bado a las 14 horas ser\u00e1 la pesca de embarcaciones a remo, estando prevista hasta las 18 horas. Participan dos pescadores por embarcaci\u00f3n, cada uno de los pescadores puede extraer cinco corvinas como m\u00e1ximo, es decir, un total de diez por embarcaci\u00f3n.<br>Hasta el momento hay 640 pescadores inscriptos, aunque los organizadores calculan que superar\u00e1n el r\u00e9cord del a\u00f1o pasado.<br>El pescado deben tener las medidas de 25 cm. as\u00ed lo exige la organizaci\u00f3n siguiendo las normativas del \u00e1rea de control y fiscalizaci\u00f3n del Ministerio de la Producci\u00f3n y Ambiente de la provincia.<br>En tanto, el domingo para el torneo de embarcaci\u00f3n habr\u00e1 un r\u00e9cord de participantes, supera los 500 inscriptos, quienes para evitar o prevenir accidentes al momento del lanzamiento de las embarcaciones se les solicita que asistan con varias horas de antelaci\u00f3n.<br>La largada est\u00e1 prevista para las 8.30 de la ma\u00f1ana con el procedimiento de que la pesca efectiva comienza a las 9 hasta las 12.30 y se podr\u00e1n capturar 15 corvinas, cinco por persona.Posteriormente ser\u00e1 la entrega de premios y el cl\u00e1sico \u201calmuerzo de camarader\u00eda\u201d con las autoridades del gobierno provincial presentes.\n\n<\/p>\n","protected":false},"excerpt":{"rendered":"<p>Autoridades provinciales confirmaron que debido a la inestabilidad clim\u00e1tica reinante&nbsp; en la localidad de Herradura,<\/p>\n","protected":false},"author":3,"featured_media":25217,"comment_status":"open","ping_status":"open","sticky":false,"template":"","format":"standard","meta":{"footnotes":""},"categories":[1],"tags":[],"class_list":["post-25216","post","type-post","status-publish","format-standard","has-post-thumbnail","hentry","category-noticias"],"_links":{"self":[{"href":"https:\/\/24formosa.com.ar\/index.php?rest_route=\/wp\/v2\/posts\/25216","targetHints":{"allow":["GET"]}}],"collection":[{"href":"https:\/\/24formosa.com.ar\/index.php?rest_route=\/wp\/v2\/posts"}],"about":[{"href":"https:\/\/24formosa.com.ar\/index.php?rest_route=\/wp\/v2\/types\/post"}],"author":[{"embeddable":true,"href":"https:\/\/24formosa.com.ar\/index.php?rest_route=\/wp\/v2\/users\/3"}],"replies":[{"embeddable":true,"href":"https:\/\/24formosa.com.ar\/index.php?rest_route=%2Fwp%2Fv2%2Fcomments&post=25216"}],"version-history":[{"count":1,"href":"https:\/\/24formosa.com.ar\/index.php?rest_route=\/wp\/v2\/posts\/25216\/revisions"}],"predecessor-version":[{"id":25218,"href":"https:\/\/24formosa.com.ar\/index.php?rest_route=\/wp\/v2\/posts\/25216\/revisions\/25218"}],"wp:featuredmedia":[{"embeddable":true,"href":"https:\/\/24formosa.com.ar\/index.php?rest_route=\/wp\/v2\/media\/25217"}],"wp:attachment":[{"href":"https:\/\/24formosa.com.ar\/index.php?rest_route=%2Fwp%2Fv2%2Fmedia&parent=25216"}],"wp:term":[{"taxonomy":"category","embeddable":true,"href":"https:\/\/24formosa.com.ar\/index.php?rest_route=%2Fwp%2Fv2%2Fcategories&post=25216"},{"taxonomy":"post_tag","embeddable":true,"href":"https:\/\/24formosa.com.ar\/index.php?rest_route=%2Fwp%2Fv2%2Ftags&post=25216"}],"curies":[{"name":"wp","href":"https:\/\/api.w.org\/{rel}","templated":true}]}}