{"id":25213,"date":"2020-02-06T23:19:43","date_gmt":"2020-02-07T02:19:43","guid":{"rendered":"https:\/\/24formosa.com.ar\/?p=25213"},"modified":"2020-02-06T23:19:44","modified_gmt":"2020-02-07T02:19:44","slug":"fontex-entrego-150-mil-guardapolvos-al-centro-de-distribucion-provincial","status":"publish","type":"post","link":"https:\/\/24formosa.com.ar\/?p=25213","title":{"rendered":"FONTEX entreg\u00f3 150 mil guardapolvos al Centro de Distribuci\u00f3n provincial"},"content":{"rendered":"\n<p>\n\nEl programa de Desarrollo Textil FONTEX, ubicado en el predio del Parque Industrial, entreg\u00f3 este jueves 150 mil guardapolvos que ser\u00e1n distribuidos a los establecimientos educativos de la provincia, para el ciclo lectivo 2020.<\/p>\n\n\n\n<p>N\u00e9stor Sosa, coordinador ejecutivo de FONTEX, inform\u00f3 que \u201ca partir de las 8 de la ma\u00f1ana estuvimos haciendo entrega de los guardapolvos al Centro de Distribuci\u00f3n de la provincia de Formosa, a cargo de Facundo L\u00f3pez Guaym\u00e1s\u201d.<\/p>\n\n\n\n<p>Se trata de uniformes para peque\u00f1os del Nivel Inicial en talles 6 y 8, como as\u00ed tambi\u00e9n para docentes en talles 38 al 50.<\/p>\n\n\n\n<p>Mientras que los guardapolvos de nivel escolar van de los talles 8 al 14, y para docentes del 38 al 40 y del 48 al 64.<\/p>\n\n\n\n<p>Sosa record\u00f3 que, hace a\u00f1os atr\u00e1s, la primera entrega fue de 20 mil guardapolvos y en ese sentido destac\u00f3 la inversi\u00f3n del Gobierno Provincial en maquinaria, capacitaciones y tecnolog\u00eda, lo que permiti\u00f3 incrementar en cantidad y calidad el producto, \u201cEsta decisi\u00f3n pol\u00edtica beneficia a m\u00e1s de 750 familias en todo el territorio, son 54 cooperativas las que forman parte de FONTEX, y realizamos las indumentarias para salud, fuerzas policiales, educaci\u00f3n, entre otras\u201d recalc\u00f3.<\/p>\n\n\n\n<p>\u201cCon la tecnolog\u00eda que tenemos, nuestro sistema de capacitaci\u00f3n constante, sumada la materia prima -revalidada por el INTI-, da como resultado un producto de excelente calidad\u201d, culmin\u00f3.<\/p>\n\n\n\n<p><\/p>\n","protected":false},"excerpt":{"rendered":"<p>El programa de Desarrollo Textil FONTEX, ubicado en el predio del Parque Industrial, entreg\u00f3 este<\/p>\n","protected":false},"author":3,"featured_media":25214,"comment_status":"open","ping_status":"open","sticky":false,"template":"","format":"standard","meta":{"footnotes":""},"categories":[1],"tags":[],"class_list":["post-25213","post","type-post","status-publish","format-standard","has-post-thumbnail","hentry","category-noticias"],"_links":{"self":[{"href":"https:\/\/24formosa.com.ar\/index.php?rest_route=\/wp\/v2\/posts\/25213","targetHints":{"allow":["GET"]}}],"collection":[{"href":"https:\/\/24formosa.com.ar\/index.php?rest_route=\/wp\/v2\/posts"}],"about":[{"href":"https:\/\/24formosa.com.ar\/index.php?rest_route=\/wp\/v2\/types\/post"}],"author":[{"embeddable":true,"href":"https:\/\/24formosa.com.ar\/index.php?rest_route=\/wp\/v2\/users\/3"}],"replies":[{"embeddable":true,"href":"https:\/\/24formosa.com.ar\/index.php?rest_route=%2Fwp%2Fv2%2Fcomments&post=25213"}],"version-history":[{"count":1,"href":"https:\/\/24formosa.com.ar\/index.php?rest_route=\/wp\/v2\/posts\/25213\/revisions"}],"predecessor-version":[{"id":25215,"href":"https:\/\/24formosa.com.ar\/index.php?rest_route=\/wp\/v2\/posts\/25213\/revisions\/25215"}],"wp:featuredmedia":[{"embeddable":true,"href":"https:\/\/24formosa.com.ar\/index.php?rest_route=\/wp\/v2\/media\/25214"}],"wp:attachment":[{"href":"https:\/\/24formosa.com.ar\/index.php?rest_route=%2Fwp%2Fv2%2Fmedia&parent=25213"}],"wp:term":[{"taxonomy":"category","embeddable":true,"href":"https:\/\/24formosa.com.ar\/index.php?rest_route=%2Fwp%2Fv2%2Fcategories&post=25213"},{"taxonomy":"post_tag","embeddable":true,"href":"https:\/\/24formosa.com.ar\/index.php?rest_route=%2Fwp%2Fv2%2Ftags&post=25213"}],"curies":[{"name":"wp","href":"https:\/\/api.w.org\/{rel}","templated":true}]}}