{"id":25203,"date":"2020-02-04T14:32:14","date_gmt":"2020-02-04T17:32:14","guid":{"rendered":"https:\/\/24formosa.com.ar\/?p=25203"},"modified":"2020-02-04T14:32:15","modified_gmt":"2020-02-04T17:32:15","slug":"solis-asistio-a-la-inauguracion-del-complejo-acuatico-municipal-en-villa-escolar","status":"publish","type":"post","link":"https:\/\/24formosa.com.ar\/?p=25203","title":{"rendered":"Sol\u00eds asisti\u00f3 a la inauguraci\u00f3n del complejo acu\u00e1tico municipal en Villa Escolar"},"content":{"rendered":"\n<p>\n\nEl vicegobernador de la provincia Eber Wilson Sol\u00eds asisti\u00f3 este lunes al acto de inauguraci\u00f3n oficial del complejo acu\u00e1tico municipal de la localidad de Villa Escolar.<br>El complejo inaugurado cuenta con una pileta semi-ol\u00edmpica, otra con juegos acu\u00e1ticos y sanitarios. El municipio asumi\u00f3 los costos de su construcci\u00f3n, con los recursos del Fondo Solidario de la Soja m\u00e1s un aporte del gobierno provincial.<\/p>\n\n\n\n<p>Asistieron adem\u00e1s, el presidente provisional de la C\u00e1mara de Diputados, Armando Cabrera, la intendenta municipal Celia Robles, los ministros del Poder Ejecutivo Jorge Gonz\u00e1lez (Gobierno), Alberto Zorrilla (Cultura y Educci\u00f3n), An\u00edbal G\u00f3mez (Comunidad) y de Planificaci\u00f3n Daniel Malich.<\/p>\n\n\n\n<p>Acompa\u00f1aron la ceremonia diputados provinciales, jefes comunales de municipalidades vecinas y la comunidad de Villa Escolar.<\/p>\n\n\n\n<p>En el inicio del acto, el gobierno provincial entreg\u00f3 elementos deportivos que ser\u00e1n utilizados en las piletas e hizo uso de la palabra la intendenta Celia Robles, luego hizo lo propio el subsecretario de Deportes Mario Romay y cerr\u00f3 el acto el vicegobernador Sol\u00eds.<\/p>\n\n\n\n<p>En ese marco, Sol\u00eds, transmiti\u00f3 el saludo del gobernador Gildo Insfr\u00e1n a los presentes y record\u00f3 que \u201ctenemos al mejor gobernador, que gobierna para todos: peronistas, radicales, del MID, para aquel que no se identifica con un partido pol\u00edtico, pero fundamentalmente el centro de sus pol\u00edticas p\u00fablicas est\u00e1n destinadas al que menos tiene\u201d.<\/p>\n\n\n\n<p>\u201cHace poco m\u00e1s de un mes nos dej\u00f3- por suerte, decisi\u00f3n y voluntad del pueblo argentino- un gobierno nefasto, que tom\u00f3 decisiones pol\u00edticas solo para las cien familias m\u00e1s ricas del pa\u00eds, a diferencia de Formosa, donde tenemos un gobernador que gobierna para todos y todas los formose\u00f1os y formose\u00f1as, sin importar donde viva\u201d destac\u00f3 Sol\u00eds.<\/p>\n\n\n\n<p>Y se\u00f1al\u00f3 que \u201ceso permiti\u00f3 corregir las inequidades sociales, econ\u00f3micas, productivas que pudieron existir en la provincia a trav\u00e9s del Modelo Formose\u00f1o\u201d.<\/p>\n\n\n\n<p>Asegur\u00f3 que \u201cNos sentimos orgullosos de Formosa cuando hablamos de salud, educaci\u00f3n, equidad, cuando hablamos del Modelo Formose\u00f1o y del mejor gobernador, que es Gildo Insfr\u00e1n, presidente del Congreso Nacional del PJ, y que todos los d\u00edas gestiona para que todos los formose\u00f1os vivamos mejor\u201d.<\/p>\n\n\n\n<p>D\u00eda de alegr\u00eda<\/p>\n\n\n\n<p>\u201cEs un d\u00eda de mucha alegr\u00eda, hist\u00f3rico para nosotros, un antes y un despu\u00e9s, que va a marcar la historia de los pobladores de Villa Escolar.\u201d, sostuvo al hablar la intendenta Robles.<\/p>\n\n\n\n<p>Y relat\u00f3: \u201cHace muchos a\u00f1os todos los chicos que hoy son profesores de educaci\u00f3n f\u00edsica, que ingresaron a las fuerzas de seguridad, tuvieron que lidiar con el hecho de no saber nadar, era un requisito para ingresar y el gran problema de nuestros ni\u00f1os y j\u00f3venes. Muchos aprendieron en el rio Bermejo, en las lagunas y hoy podemos presenciar esta hermosa obra\u201d.<\/p>\n\n\n\n<p>En ese sentido, explic\u00f3 que durante a\u00f1os ahorraron capital del Fondo Solidario Sojero que recib\u00edan los municipios con el objetivo de llevar adelante la obra, pero tuvieron que paralizarla cuando dejaron de recibir el beneficio.<\/p>\n\n\n\n<p>\u201cTuvimos a\u00f1os de crisis, muy dif\u00edcil en lo social, econ\u00f3mico, pol\u00edtico, que se vio reflejado en nuestra sociedad, nos vimos obligados a detener la obra porque hab\u00eda necesidades m\u00e1s imperiosas. Y pudimos arrancar a fines del a\u00f1o pasado, con mucho esfuerzo y la colaboraci\u00f3n de mucha gente, organismos del gobierno provincial y un gran esfuerzo del empleado municipal\u201d, asegur\u00f3.<\/p>\n\n\n\n<p>Adem\u00e1s, agradeci\u00f3 al gobernador de la provincia, Dr. Gildo Insfr\u00e1n por el donativo de la iluminaci\u00f3n que se implementar\u00e1 en la segunda etapa de la obra y resalt\u00f3 el apoyo y acompa\u00f1amiento que \u201csiempre recibimos de nuestro l\u00edder pol\u00edtico\u201d.<\/p>\n\n\n\n<p>\u201cNuestro objetivo es que en muy poco tiempo nuestros chicos y j\u00f3venes puedan participar de disciplinas de nataci\u00f3n, ya que tenemos una pileta semi ol\u00edmpica con medidas reglamentarias aptas para competici\u00f3n\u201d, manifest\u00f3 Robles.<\/p>\n\n\n\n<p>Y concluy\u00f3: \u201cQueremos seguir apostando a ellos con mucho sacrificio, sabemos que no es f\u00e1cil y que cada d\u00eda se construye el futuro de la comunidad\u201d.<\/p>\n\n\n\n<p>En tanto el Subsecretario de Deportes Mario Romay destac\u00f3 la buena administraci\u00f3n de la provincia que permite tomar buenas decisiones pol\u00edticas.<\/p>\n\n\n\n<p>\u201cQuiero felicitar a la intendenta Celia por su constante compromiso con el deporte de esta localidad, s\u00e9 que estas siempre ocupada por los ni\u00f1os, j\u00f3venes\u201d destac\u00f3 el funcionario.<\/p>\n\n\n\n<p>Refiri\u00f3 Romay que \u201cComo dirigente deportivo quiero agradecer el acompa\u00f1amiento del gobernador a trav\u00e9s de sus decisiones. En la firma del convenio con el ministro de Obras P\u00fablicas de Naci\u00f3n pens\u00e9 que somos afortunados, porque a pesar de que tuvimos cuatro a\u00f1os de un gobierno que nos ignor\u00f3, en Formosa no dejamos de avanzar\u201d.<\/p>\n\n\n\n<p>Finalizados los discursos, hubo corte de cinta y descubrimiento de placa recordatoria.<br><\/p>\n","protected":false},"excerpt":{"rendered":"<p>El vicegobernador de la provincia Eber Wilson Sol\u00eds asisti\u00f3 este lunes al acto de inauguraci\u00f3n<\/p>\n","protected":false},"author":3,"featured_media":25204,"comment_status":"open","ping_status":"open","sticky":false,"template":"","format":"standard","meta":{"footnotes":""},"categories":[1],"tags":[],"class_list":["post-25203","post","type-post","status-publish","format-standard","has-post-thumbnail","hentry","category-noticias"],"_links":{"self":[{"href":"https:\/\/24formosa.com.ar\/index.php?rest_route=\/wp\/v2\/posts\/25203","targetHints":{"allow":["GET"]}}],"collection":[{"href":"https:\/\/24formosa.com.ar\/index.php?rest_route=\/wp\/v2\/posts"}],"about":[{"href":"https:\/\/24formosa.com.ar\/index.php?rest_route=\/wp\/v2\/types\/post"}],"author":[{"embeddable":true,"href":"https:\/\/24formosa.com.ar\/index.php?rest_route=\/wp\/v2\/users\/3"}],"replies":[{"embeddable":true,"href":"https:\/\/24formosa.com.ar\/index.php?rest_route=%2Fwp%2Fv2%2Fcomments&post=25203"}],"version-history":[{"count":1,"href":"https:\/\/24formosa.com.ar\/index.php?rest_route=\/wp\/v2\/posts\/25203\/revisions"}],"predecessor-version":[{"id":25205,"href":"https:\/\/24formosa.com.ar\/index.php?rest_route=\/wp\/v2\/posts\/25203\/revisions\/25205"}],"wp:featuredmedia":[{"embeddable":true,"href":"https:\/\/24formosa.com.ar\/index.php?rest_route=\/wp\/v2\/media\/25204"}],"wp:attachment":[{"href":"https:\/\/24formosa.com.ar\/index.php?rest_route=%2Fwp%2Fv2%2Fmedia&parent=25203"}],"wp:term":[{"taxonomy":"category","embeddable":true,"href":"https:\/\/24formosa.com.ar\/index.php?rest_route=%2Fwp%2Fv2%2Fcategories&post=25203"},{"taxonomy":"post_tag","embeddable":true,"href":"https:\/\/24formosa.com.ar\/index.php?rest_route=%2Fwp%2Fv2%2Ftags&post=25203"}],"curies":[{"name":"wp","href":"https:\/\/api.w.org\/{rel}","templated":true}]}}