{"id":25189,"date":"2020-01-31T23:08:12","date_gmt":"2020-02-01T02:08:12","guid":{"rendered":"https:\/\/24formosa.com.ar\/?p=25189"},"modified":"2020-01-31T23:08:13","modified_gmt":"2020-02-01T02:08:13","slug":"formosa-suscribio-el-convenio-de-subsidio-con-transporte-de-nacion","status":"publish","type":"post","link":"https:\/\/24formosa.com.ar\/?p=25189","title":{"rendered":"Formosa suscribi\u00f3 el convenio de subsidio con Transporte de Naci\u00f3n"},"content":{"rendered":"\n<p>\n\nEl Director de Transporte de la provincia, Pablo C\u00f3rdoba se reuni\u00f3 el jueves 30 en Buenos Aires con el ministro de Transporte de la Naci\u00f3n Mario Meoni, con quien suscribi\u00f3 el convenio de subsidio para el transporte p\u00fablico urbano de la ciudad. De esta manera, el Gobierno Nacional se comprometi\u00f3 a aportar 7.200.000 pesos por un lapso de 120 d\u00edas. Y adem\u00e1s, en ese tiempo se seguir\u00e1 analizando la situaci\u00f3n particular de cada provincia para despu\u00e9s implementar una nueva metodolog\u00eda de distribuci\u00f3n de subsidios.<br>Resaltando que el gobierno nacional anterior licu\u00f3 los subsidios al transporte, y debieron las provincias con sus recursos financieros afrontar los aumentos del combustible vinculado directamente los costos con el alza que tuvo el d\u00f3lar en el \u00faltimo a\u00f1o.&nbsp;<br>En tal sentido, el Gobierno de la provincia vino aportando desde enero de 2019, 15 millones de pesos para subsidiar la tarifa de pasajeros del transporte p\u00fablico urbano, que ahora nuevamente contar\u00e1 con el aporte de la Naci\u00f3n. Por tal motivo, el doctor C\u00f3rdoba dijo que \u201csi bien los aportes que vendr\u00e1n de naci\u00f3n son importantes, y rondar\u00edan los 7 millones doscientos mil pesos, este congelamiento de tarifas no podr\u00eda ser posible sin el aporte que viene realizando el Gobernador de la Provincia, doctor Gildo Insfr\u00e1n desde el a\u00f1o pasado para garantizar el transporte urbano en la ciudad de Formosa\u201d.&nbsp;<br>As\u00ed tambi\u00e9n, agreg\u00f3 \u201chemos planteado a las autoridades nacionales sobre la necesidad de la urgente revisi\u00f3n de los coeficientes de distribuci\u00f3n, atento a que lo implementado por el gobierno anterior de Macri&nbsp; dejaron afuera de la ayuda a todos los servicios provinciales del transporte\u201d.&nbsp;<br>En tanto, el ministro Meoni, en el encuentro con los representantes provinciales del \u00e1rea se\u00f1alo: \u201cLo que estamos haciendo es redistribuir lo que creemos es m\u00e1s justo y que todas las provincias tengan un tratamiento similar en los subsidios al transporte. Y lo estamos haciendo posible porque ustedes han mostrado una gran voluntad para generar un sistema que sea m\u00e1s equitativo y m\u00e1s federal\u201d.<br>\u201cEste nuevo esquema de 120 d\u00edas forma parte de un pedido del presidente de la naci\u00f3n de hacer un enorme esfuerzo para ordenar la econom\u00eda, para equilibrar, sobre todo, el impacto inflacionario que nos dej\u00f3 el gobierno anterior y que queremos que golpee lo menos posible a los argentinos y argentinas\u201d, detall\u00f3 el funcionario nacional.<br>Adem\u00e1s de Meoni, tambi\u00e9n lo acompa\u00f1aron funcionarios de su \u00e1rea como ser el Subsecretario de Transporte, Gabriel Berm\u00fadez, el Secretario de Gesti\u00f3n de Transporte, Walter Saieg, y el Secretario de Articulaci\u00f3n Interjurisdiccional, Felipe Rodr\u00edguez Laguens.&nbsp;<br><\/p>\n","protected":false},"excerpt":{"rendered":"<p>El Director de Transporte de la provincia, Pablo C\u00f3rdoba se reuni\u00f3 el jueves 30 en<\/p>\n","protected":false},"author":3,"featured_media":25190,"comment_status":"open","ping_status":"open","sticky":false,"template":"","format":"standard","meta":{"footnotes":""},"categories":[1],"tags":[],"class_list":["post-25189","post","type-post","status-publish","format-standard","has-post-thumbnail","hentry","category-noticias"],"_links":{"self":[{"href":"https:\/\/24formosa.com.ar\/index.php?rest_route=\/wp\/v2\/posts\/25189","targetHints":{"allow":["GET"]}}],"collection":[{"href":"https:\/\/24formosa.com.ar\/index.php?rest_route=\/wp\/v2\/posts"}],"about":[{"href":"https:\/\/24formosa.com.ar\/index.php?rest_route=\/wp\/v2\/types\/post"}],"author":[{"embeddable":true,"href":"https:\/\/24formosa.com.ar\/index.php?rest_route=\/wp\/v2\/users\/3"}],"replies":[{"embeddable":true,"href":"https:\/\/24formosa.com.ar\/index.php?rest_route=%2Fwp%2Fv2%2Fcomments&post=25189"}],"version-history":[{"count":1,"href":"https:\/\/24formosa.com.ar\/index.php?rest_route=\/wp\/v2\/posts\/25189\/revisions"}],"predecessor-version":[{"id":25191,"href":"https:\/\/24formosa.com.ar\/index.php?rest_route=\/wp\/v2\/posts\/25189\/revisions\/25191"}],"wp:featuredmedia":[{"embeddable":true,"href":"https:\/\/24formosa.com.ar\/index.php?rest_route=\/wp\/v2\/media\/25190"}],"wp:attachment":[{"href":"https:\/\/24formosa.com.ar\/index.php?rest_route=%2Fwp%2Fv2%2Fmedia&parent=25189"}],"wp:term":[{"taxonomy":"category","embeddable":true,"href":"https:\/\/24formosa.com.ar\/index.php?rest_route=%2Fwp%2Fv2%2Fcategories&post=25189"},{"taxonomy":"post_tag","embeddable":true,"href":"https:\/\/24formosa.com.ar\/index.php?rest_route=%2Fwp%2Fv2%2Ftags&post=25189"}],"curies":[{"name":"wp","href":"https:\/\/api.w.org\/{rel}","templated":true}]}}