{"id":25183,"date":"2020-01-31T22:58:26","date_gmt":"2020-02-01T01:58:26","guid":{"rendered":"https:\/\/24formosa.com.ar\/?p=25183"},"modified":"2020-01-31T22:58:27","modified_gmt":"2020-02-01T01:58:27","slug":"zorrilla-confirmo-que-empezo-el-proceso-de-paritarias-docentes","status":"publish","type":"post","link":"https:\/\/24formosa.com.ar\/?p=25183","title":{"rendered":"Zorrilla confirm\u00f3 que empez\u00f3 el proceso de paritarias docentes"},"content":{"rendered":"\n<p>\n\nEl Ministro de educaci\u00f3n de la provincia, Alberto Zorrilla, quien se reuni\u00f3 este jueves con el ministro de educaci\u00f3n de la Naci\u00f3n, Nicol\u00e1s Trotta, para poner en agenda y cumplir la ley de paritarias que durante el gobierno de Mauricio Macri fue reemplazada por un decreto.<\/p>\n\n\n\n<p>\u201cEmpez\u00f3 el proceso de paritarias, que es largo y permanente, porque no s\u00f3lo se trata salarios, sino tambi\u00e9n condiciones de trabajo, cuestiones pedag\u00f3gicas, todo lo que hace a la educaci\u00f3n en forma integral\u201d, explic\u00f3.<\/p>\n\n\n\n<p>Y agreg\u00f3: \u201cPor el lado del ministerio, est\u00e1 el Comit\u00e9 ejecutivo del Consejo Federal. All\u00ed est\u00e1n todas las provincias, CABA y Naci\u00f3n y tienen un representante por regi\u00f3n titular y suplente\u201d.<\/p>\n\n\n\n<p>Zorrilla particip\u00f3 de la mesa en car\u00e1cter de suplente de regi\u00f3n NEA en la primera reuni\u00f3n paritaria. Tambi\u00e9n estuvieron las representaciones gremiales mayoritarias y Formosa se hizo presente con Luis Branchi en la comisi\u00f3n directiva de CETERA.<\/p>\n\n\n\n<p>Por otro lado, el ministro asegur\u00f3 que en Formosa, como en la mayor\u00eda del pa\u00eds, el ciclo lectivo comenzar\u00eda el 2 de marzo, pero que en algunas provincias inician el 9 o 19 por programaci\u00f3n particular.<\/p>\n\n\n\n<p>Adem\u00e1s, record\u00f3 que en la provincia, siempre arranc\u00f3 el a\u00f1o escolar en tiempo y forma y que se debe al \u201cbuen v\u00ednculo con la mayor\u00eda de los gremios docentes\u201d.<\/p>\n\n\n\n<p>\u201cSiempre estamos hablando, consultando, intercambiando en forma permanente. Y m\u00e1s la relaci\u00f3n pol\u00edtica con nuestro gobernador que conduce a toda la comunidad organizada de la provincia\u201d, manifest\u00f3.<\/p>\n\n\n\n<p>Estudiar en Verano<\/p>\n\n\n\n<p>Tambi\u00e9n se refiri\u00f3 al programa Estudiar en Verano, que cumpli\u00f3 su primera semana de desarrollo y dijo que \u201chay una buena afluencia de estudiantes\u201d pero a\u00fan est\u00e1n relevando en los establecimientos para tener el n\u00famero final de participantes.<\/p>\n\n\n\n<p>\u201cEl deseo nuestro es ir disminuyendo el n\u00famero de estudiantes que necesitan apoyo, que el apoyo sea durante el a\u00f1o lectivo en su clase, pero todav\u00eda hace falta\u201d, asever\u00f3.<\/p>\n\n\n\n<p>Por \u00faltimo, Zorrilla reflexion\u00f3 sobre la visita del ministro de obras p\u00fablicas Gabriel Katopodis y expres\u00f3 que \u201ces una caricia al alma\u201d que reconozcan a la provincia en lugares \u201cdonde ni nos miran\u201d.<br>\u201cEn la reuni\u00f3n de educaci\u00f3n m\u00e1s de uno habl\u00f3 de los techos azules. La conducci\u00f3n pol\u00edtica y la presencia del Gobernador, con una mirada bien amplia, integral y pensando en el pueblo es lo que llama la atenci\u00f3n\u201d, finaliz\u00f3.\n\n<\/p>\n","protected":false},"excerpt":{"rendered":"<p>El Ministro de educaci\u00f3n de la provincia, Alberto Zorrilla, quien se reuni\u00f3 este jueves con<\/p>\n","protected":false},"author":3,"featured_media":25184,"comment_status":"open","ping_status":"open","sticky":false,"template":"","format":"standard","meta":{"footnotes":""},"categories":[1],"tags":[],"class_list":["post-25183","post","type-post","status-publish","format-standard","has-post-thumbnail","hentry","category-noticias"],"_links":{"self":[{"href":"https:\/\/24formosa.com.ar\/index.php?rest_route=\/wp\/v2\/posts\/25183","targetHints":{"allow":["GET"]}}],"collection":[{"href":"https:\/\/24formosa.com.ar\/index.php?rest_route=\/wp\/v2\/posts"}],"about":[{"href":"https:\/\/24formosa.com.ar\/index.php?rest_route=\/wp\/v2\/types\/post"}],"author":[{"embeddable":true,"href":"https:\/\/24formosa.com.ar\/index.php?rest_route=\/wp\/v2\/users\/3"}],"replies":[{"embeddable":true,"href":"https:\/\/24formosa.com.ar\/index.php?rest_route=%2Fwp%2Fv2%2Fcomments&post=25183"}],"version-history":[{"count":1,"href":"https:\/\/24formosa.com.ar\/index.php?rest_route=\/wp\/v2\/posts\/25183\/revisions"}],"predecessor-version":[{"id":25185,"href":"https:\/\/24formosa.com.ar\/index.php?rest_route=\/wp\/v2\/posts\/25183\/revisions\/25185"}],"wp:featuredmedia":[{"embeddable":true,"href":"https:\/\/24formosa.com.ar\/index.php?rest_route=\/wp\/v2\/media\/25184"}],"wp:attachment":[{"href":"https:\/\/24formosa.com.ar\/index.php?rest_route=%2Fwp%2Fv2%2Fmedia&parent=25183"}],"wp:term":[{"taxonomy":"category","embeddable":true,"href":"https:\/\/24formosa.com.ar\/index.php?rest_route=%2Fwp%2Fv2%2Fcategories&post=25183"},{"taxonomy":"post_tag","embeddable":true,"href":"https:\/\/24formosa.com.ar\/index.php?rest_route=%2Fwp%2Fv2%2Ftags&post=25183"}],"curies":[{"name":"wp","href":"https:\/\/api.w.org\/{rel}","templated":true}]}}