{"id":25180,"date":"2020-01-30T20:55:17","date_gmt":"2020-01-30T23:55:17","guid":{"rendered":"https:\/\/24formosa.com.ar\/?p=25180"},"modified":"2020-01-30T20:55:18","modified_gmt":"2020-01-30T23:55:18","slug":"katopodis-para-los-argentinos-formosa-es-un-modelo-de-gestion-y-un-faro-a-seguir","status":"publish","type":"post","link":"https:\/\/24formosa.com.ar\/?p=25180","title":{"rendered":"Katopodis: \u201cPara los argentinos, Formosa es un modelo de gesti\u00f3n y un faro a seguir\u201d"},"content":{"rendered":"\n<p>\n\nEl Ministro de obras p\u00fablicas de la Naci\u00f3n, Gabriel Nicol\u00e1s Katopodis, brind\u00f3 unas reflexiones en el marco de la firma del convenio del Compromiso Federal, con la presencia del Gobernador Insfr\u00e1n, funcionarios provinciales, municipales, legisladores y concejales, en el sal\u00f3n del sexto piso de Casa de Gobierno.<\/p>\n\n\n\n<p>\u201cPara nosotros visitar esta provincia tiene muchos sentidos, el primero es un reconocimiento para una gesti\u00f3n, para un gobernador y una provincia que sin dudas es una marca de gesti\u00f3n en Argentina\u201d, sostuvo el ministro.<\/p>\n\n\n\n<p>Y resalt\u00f3: \u201cNo hace falta venir a esta provincia para saber de qu\u00e9 se tratan esos edificios de techos azules, en la Argentina se conoce esa obra de infraestructura que es una marca de calidad pero tambi\u00e9n de equidad, de justicia, las mismas escuelas, la misma infraestructura educativa, las mismas aulas para todos los ciudadanos de esta querida provincia\u201d.<\/p>\n\n\n\n<p>En ese sentido, Katopodis, indic\u00f3 que en Formosa \u201cno se reconocen ciudadan\u00edas de primera o de segunda\u201d y que as\u00ed lo entendi\u00f3 el Gobernador.<\/p>\n\n\n\n<p>\u201cEsos derechos se empiezan a construir desde los primeros pasos, que es la educaci\u00f3n p\u00fablica la que genera en Argentina como lo viene haciendo en Formosa, este piso de derechos y de calidad de hombres y mujeres que necesita nuestro pa\u00eds. Es saber que en cada rinc\u00f3n de nuestra provincia hay adem\u00e1s un sistema de salud, que conocemos bien los que no somos de ac\u00e1, que sabemos de la inversi\u00f3n, infraestructura y calidad\u201d, argument\u00f3.<\/p>\n\n\n\n<p>El ministro resalt\u00f3, que al margen de las crisis que atraves\u00f3 el pa\u00eds en las \u00faltimas d\u00e9cadas, \u201cno par\u00f3 de invertir y ponerse de pie\u201d.<\/p>\n\n\n\n<p>\u201cFue una locomotora que a pesar de esas adversidades que tuvimos como naci\u00f3n, ustedes tienen que estar orgullosos de todo lo que vienen logrando. Y de tener un gobernador que este \u00faltimo tiempo en el contexto que vivimos estuvo presente, con obras, con decisiones, con una provincia ordenada que resisti\u00f3 estos cuatro a\u00f1os de neoliberalismo en Argentina\u201d, expres\u00f3 el funcionario.<\/p>\n\n\n\n<p>Y aclar\u00f3 que habl\u00f3 como ministro, pero tambi\u00e9n como intendente teniendo en cuenta \u201clo que hemos sufrido aquellos que tuvimos estas responsabilidades p\u00fablicas durante estos cuatro a\u00f1os, teniendo que defender, que cuidar, proteger, a nuestra gente todos los d\u00edas, del atropello, de las injusticias a los que nos sometieron durante todo este \u00faltimo periodo en nuestro pa\u00eds\u201d.<\/p>\n\n\n\n<p>En esa l\u00ednea, remarc\u00f3 que Formosa \u201ces una marca de gesti\u00f3n, un faro que est\u00e1 claro en su Norte y su sentido para todos los argentinos\u201d; y asegur\u00f3 que su visita tiene el objetivo de trabajar en cada una de las obras que fueron paralizadas por \u201cfuerza del ajuste, desidia y abondo del gobierno anterior\u201d.<\/p>\n\n\n\n<p>\u201cEs la muestra de la obra que ya en estas horas estamos reactivando, el tramo de la ruta 11 que me pidi\u00f3 el gobernador como una de sus prioridades, que en su momento fue suscripto en la ciudad de Rosario y aqu\u00ed estamos cumpliendo con ese compromiso, que es que el acceso a Formosa y esa ruta se termine\u201d, afirm\u00f3.<\/p>\n\n\n\n<p>Y agreg\u00f3: \u201cEsa obra tendr\u00eda que haber estado terminada y hoy tendr\u00edamos que pensar en planificar nuevos proyectos, nuevas metas y nuevos objetivos, pero nos han obligado a retroceder cuatro a\u00f1os, entonces hoy con el presidente y con cada gobernador tenemos que recuperar ese tiempo y volver a poner a la Argentina de pie\u201d.<\/p>\n\n\n\n<p>M\u00e1s obras para trabajar<\/p>\n\n\n\n<p>Tambi\u00e9n, confirm\u00f3 que firmaron acuerdos para realizar inversiones en materia h\u00eddrica, de desag\u00fces y otras obras en el marco del Plan Director que tiene la provincia; y desde Naci\u00f3n se comprometieron en avanzar y terminar con el Hospital Pedro Insfr\u00e1n de Laguna Blanca, \u201cuna obra que para el Gobernador es muy importante\u201d.<\/p>\n\n\n\n<p>\u201cEmpez\u00f3 hace muchos a\u00f1os, en el anterior gobierno se paraliz\u00f3 pero que el gobernador sigui\u00f3 invirtiendo y cumpliendo con su compromiso con el pueblo de Formosa a pesar de los incumplimientos del gobierno nacional para con esa inversi\u00f3n\u201d, manifest\u00f3 Katopodis.<\/p>\n\n\n\n<p>Y asever\u00f3: \u201cEntonces venimos a ponernos a su lado, para comprometernos con la inversiones que permitan que en el tiempo m\u00e1s r\u00e1pido posible Laguna Blanca tenga el hospital que se merece y podamos juntos abrir las puertas de ese hospital para que sea una obra m\u00e1s que integre el sistema de salud que tiene la provincia de Formosa\u201d.<\/p>\n\n\n\n<p>Adem\u00e1s, el funcionario nacional, anticip\u00f3 que se trabajar\u00e1 en muchos proyectos y que en esa agenda est\u00e1 el acueducto, las obras de ingresos al polo cient\u00edfico tecnol\u00f3gico, otras rutas y caminos y una mejor planificaci\u00f3n del curso del r\u00edo Pilcomayo.<\/p>\n\n\n\n<p>\u201cCuando estuvimos conversando con Insfr\u00e1n, no par\u00f3 un segundo de plantearme las prioridades y necesidades de un hombre que conoce esta tierra, que la abraza y que viene dando un testimonio de vida todo el tiempo por cada formose\u00f1o y formose\u00f1a\u201d, detall\u00f3.<\/p>\n\n\n\n<p>Por otro lado, Katopodis, reafirm\u00f3 la decisi\u00f3n del presidente Fern\u00e1ndez, de que el ministerio que tiene a su cargo tenga un fuerte sentido federal y, por ende, las prioridades las definir\u00e1n cada uno de los mandatarios provinciales en conjunto con sus intendentes.<\/p>\n\n\n\n<p>\u201cEl Plan Federal de obra p\u00fablica que estamos poniendo en marcha tiene que ver con reactivar las obras que se frenaron por el ajuste, cuando fueron a golpear las puertas del FMI lo hicieron para buscar financiamiento, lo trajeron para la obras pero la realidad es que nos terminaron endeudando a todos y la mayor\u00eda de esas obras no se concretaron\u201d, reflexion\u00f3.<\/p>\n\n\n\n<p>Y concluy\u00f3: \u201cPero esto no pueden ser solo discursos o letras de un convenio, tienen que ser realidades concretas, por eso estamos ac\u00e1, para trabajar con ustedes, para que el Gobernador y su equipo nos digan las prioridades\u201d.\n\n<\/p>\n","protected":false},"excerpt":{"rendered":"<p>El Ministro de obras p\u00fablicas de la Naci\u00f3n, Gabriel Nicol\u00e1s Katopodis, brind\u00f3 unas reflexiones en<\/p>\n","protected":false},"author":3,"featured_media":25181,"comment_status":"open","ping_status":"open","sticky":false,"template":"","format":"standard","meta":{"footnotes":""},"categories":[1],"tags":[],"class_list":["post-25180","post","type-post","status-publish","format-standard","has-post-thumbnail","hentry","category-noticias"],"_links":{"self":[{"href":"https:\/\/24formosa.com.ar\/index.php?rest_route=\/wp\/v2\/posts\/25180","targetHints":{"allow":["GET"]}}],"collection":[{"href":"https:\/\/24formosa.com.ar\/index.php?rest_route=\/wp\/v2\/posts"}],"about":[{"href":"https:\/\/24formosa.com.ar\/index.php?rest_route=\/wp\/v2\/types\/post"}],"author":[{"embeddable":true,"href":"https:\/\/24formosa.com.ar\/index.php?rest_route=\/wp\/v2\/users\/3"}],"replies":[{"embeddable":true,"href":"https:\/\/24formosa.com.ar\/index.php?rest_route=%2Fwp%2Fv2%2Fcomments&post=25180"}],"version-history":[{"count":1,"href":"https:\/\/24formosa.com.ar\/index.php?rest_route=\/wp\/v2\/posts\/25180\/revisions"}],"predecessor-version":[{"id":25182,"href":"https:\/\/24formosa.com.ar\/index.php?rest_route=\/wp\/v2\/posts\/25180\/revisions\/25182"}],"wp:featuredmedia":[{"embeddable":true,"href":"https:\/\/24formosa.com.ar\/index.php?rest_route=\/wp\/v2\/media\/25181"}],"wp:attachment":[{"href":"https:\/\/24formosa.com.ar\/index.php?rest_route=%2Fwp%2Fv2%2Fmedia&parent=25180"}],"wp:term":[{"taxonomy":"category","embeddable":true,"href":"https:\/\/24formosa.com.ar\/index.php?rest_route=%2Fwp%2Fv2%2Fcategories&post=25180"},{"taxonomy":"post_tag","embeddable":true,"href":"https:\/\/24formosa.com.ar\/index.php?rest_route=%2Fwp%2Fv2%2Ftags&post=25180"}],"curies":[{"name":"wp","href":"https:\/\/api.w.org\/{rel}","templated":true}]}}