{"id":25174,"date":"2020-01-30T20:45:49","date_gmt":"2020-01-30T23:45:49","guid":{"rendered":"https:\/\/24formosa.com.ar\/?p=25174"},"modified":"2020-01-30T20:45:50","modified_gmt":"2020-01-30T23:45:50","slug":"nina-que-difunde-causa-de-malvinas-visito-centro-formoseno-de-veteranos-de-guerra","status":"publish","type":"post","link":"https:\/\/24formosa.com.ar\/?p=25174","title":{"rendered":"Ni\u00f1a que difunde causa de Malvinas visit\u00f3 Centro Formose\u00f1o de Veteranos de Guerra"},"content":{"rendered":"\n<p>\n\nEl mi\u00e9rcoles 29 de enero por la tarde, en la esquina de Carlos Ayala y Parkinson, donde funciona la sede social de los ex combatientes locales, se vivieron horas de emoci\u00f3n cuando recibieron junto a sus familias a la ni\u00f1a formose\u00f1a residente en Caleta Olivia, provincia de Santa Cruz, Ana Fernanda Yerut\u00e9, quien junto a su \u201cse\u00f1o\u201d Paola Fern\u00e1ndez y sus compa\u00f1eros del 5to grado de la Escuela Primaria Provincial N\u00ba 36 impuls\u00f3 el proyecto \u201cProhibido Olvidar\u201d de recuperaci\u00f3n de la memoria hist\u00f3rica y el reconocimiento a nuestros h\u00e9roes del Conflicto del Atl\u00e1ntico Sur.<\/p>\n\n\n\n<p>\u201cVengo del sur, de Caleta Olivia, Santa Curz, a compartir nuestro proyecto \u201cProhibido Olvidar\u201d con los VGM de Formosa. Esto comenz\u00f3 el 2 de Abril de 2018 cuando nuestra se\u00f1o tuvo que hablar sobre Malvinas, de Gabino Ruiz D\u00edaz, un soldado que cay\u00f3 defendiendo nuestras islas. Cuando ella se dio cuenta del inter\u00e9s que despert\u00f3 en nosotros esta causa de Malvinas dijo porque no seguir con esto y as\u00ed surgi\u00f3 \u201cProhibido Olvidar\u201d, que busca reconocerlos a ellos, ese varazo que falt\u00f3 siempre y el poder estar juntos y que nos cuenten lo que vivieron ah\u00ed y que no se olvide\u201d, explic\u00f3 Ana Fernanda.<\/p>\n\n\n\n<p>El presidente del Centro de Veteranos de la Guerra de Malvinas de Formosa, Ricardo Isidro M\u00e9ndez expres\u00f3: \u201ces un gran orgullo que una nena de 12 a\u00f1os, formose\u00f1a, sea protagonista de un proyecto que va malvinisando en el sur del pa\u00eds, es una emoci\u00f3n muy grande\u201d.<\/p>\n\n\n\n<p>El ex combatiente Ra\u00fal Ramos, a su vez indic\u00f3: \u201cse nos pone la piel de gallina lo que est\u00e1 haciendo esta nena formose\u00f1a en esa parte del pa\u00eds, el trabajo que hace el centro es malvinizar, como el proyecto que aprob\u00f3 el Ministerio de Cultura y Educaci\u00f3n, a trav\u00e9s del cual vamos a las escuelas y en contacto con los chicos, el aplauso, los abrazos, nos reconfortan, y ahora que venga Fernanda a contarnos lo que hacen en su escuela, recibirla y que nos haya mostrado en un video todo su proyecto, visit\u00e1ndonos con toda su familia, es muy hermoso\u201d.<\/p>\n\n\n\n<p>Durante el encuentro, se entreg\u00f3 un diploma de reconocimiento al trabajo de difusi\u00f3n de la causa Malvinas a Fernanda.\n\n<\/p>\n","protected":false},"excerpt":{"rendered":"<p>El mi\u00e9rcoles 29 de enero por la tarde, en la esquina de Carlos Ayala y<\/p>\n","protected":false},"author":3,"featured_media":25175,"comment_status":"open","ping_status":"open","sticky":false,"template":"","format":"standard","meta":{"footnotes":""},"categories":[1],"tags":[],"class_list":["post-25174","post","type-post","status-publish","format-standard","has-post-thumbnail","hentry","category-noticias"],"_links":{"self":[{"href":"https:\/\/24formosa.com.ar\/index.php?rest_route=\/wp\/v2\/posts\/25174","targetHints":{"allow":["GET"]}}],"collection":[{"href":"https:\/\/24formosa.com.ar\/index.php?rest_route=\/wp\/v2\/posts"}],"about":[{"href":"https:\/\/24formosa.com.ar\/index.php?rest_route=\/wp\/v2\/types\/post"}],"author":[{"embeddable":true,"href":"https:\/\/24formosa.com.ar\/index.php?rest_route=\/wp\/v2\/users\/3"}],"replies":[{"embeddable":true,"href":"https:\/\/24formosa.com.ar\/index.php?rest_route=%2Fwp%2Fv2%2Fcomments&post=25174"}],"version-history":[{"count":1,"href":"https:\/\/24formosa.com.ar\/index.php?rest_route=\/wp\/v2\/posts\/25174\/revisions"}],"predecessor-version":[{"id":25176,"href":"https:\/\/24formosa.com.ar\/index.php?rest_route=\/wp\/v2\/posts\/25174\/revisions\/25176"}],"wp:featuredmedia":[{"embeddable":true,"href":"https:\/\/24formosa.com.ar\/index.php?rest_route=\/wp\/v2\/media\/25175"}],"wp:attachment":[{"href":"https:\/\/24formosa.com.ar\/index.php?rest_route=%2Fwp%2Fv2%2Fmedia&parent=25174"}],"wp:term":[{"taxonomy":"category","embeddable":true,"href":"https:\/\/24formosa.com.ar\/index.php?rest_route=%2Fwp%2Fv2%2Fcategories&post=25174"},{"taxonomy":"post_tag","embeddable":true,"href":"https:\/\/24formosa.com.ar\/index.php?rest_route=%2Fwp%2Fv2%2Ftags&post=25174"}],"curies":[{"name":"wp","href":"https:\/\/api.w.org\/{rel}","templated":true}]}}