{"id":25167,"date":"2020-01-29T22:02:50","date_gmt":"2020-01-30T01:02:50","guid":{"rendered":"https:\/\/24formosa.com.ar\/?p=25167"},"modified":"2020-01-29T22:02:51","modified_gmt":"2020-01-30T01:02:51","slug":"receso-administrativo-se-extendera-hasta-el-proximo-29-de-febrero-para-agentes-estatales","status":"publish","type":"post","link":"https:\/\/24formosa.com.ar\/?p=25167","title":{"rendered":"Receso Administrativo se extender\u00e1 hasta el pr\u00f3ximo 29 de febrero para agentes estatales"},"content":{"rendered":"\n<p>\n\nSe extendi\u00f3 hasta el 29 de febrero venidero, inclusive, el receso administrativo para agentes estatales, as\u00ed lo dispuso el gobernador de la provincia Gildo Insfr\u00e1n, a trav\u00e9s del decreto&nbsp; N\u00b0 48\/19, en cuyo transcurso se mantiene el horario de labor de la administraci\u00f3n p\u00fablica provincial- con car\u00e1cter excepcional- de 8 a 12.<br>Asimismo, en su considerando, el instrumento legal indica que la medida, que inicialmente se dispuso tendr\u00eda vigencia del 26 de diciembre de 2019 al 31 de enero actual, y ahora extendida, est\u00e1 motivado en que persisten las razones de su dictado.<br>Es decir los diversos organismos afectados a la atenci\u00f3n de servicios p\u00fablicos esenciales y otros que en el desarrollo de sus funciones espec\u00edficas deben observar plazos legales y constitucionales improrrogables, correspondiendo exceptuarlos de tal medida, a fin de que ajusten&nbsp; su funcionamiento a las normas que lo rigen.<br>Los estamentos que desarrollan servicios p\u00fablicos esenciales exceptuados del alcance de la medida, son los que se detallan a continuaci\u00f3n: Ministerios de Desarrollo Humano, Turismo y la Comunidad, Servicio Provincial de Agua Potable, Subsecretar\u00eda de Comunicaci\u00f3n Social, entes recaudadores y las Direcciones de Parque Infantil, Vialidad Provincial, Inform\u00e1tica y Teleprocesamiento, Registro Civil y Capacidad de las Personas, Defensa Civil, Catastro Territorial, Registro de la Propiedad Inmueble, Subsecretaria de Desarrollo Econ\u00f3mico, Centro de Validaci\u00f3n de Tecnolog\u00edas Agropecuarias (CEDEVA), Subsecretar\u00eda de Hacienda y Finanzas, Contadur\u00eda General, el Instituto de Colonizaci\u00f3n y Tierras Fiscales, Escriban\u00eda Mayor de Gobierno y el Departamento Intendencia de Casa de Gobierno.<br>Para el personal docente esta prolongaci\u00f3n de la medida se extiende hasta el 15 de febrero, inclusive del corriente a\u00f1o.\n\n<\/p>\n","protected":false},"excerpt":{"rendered":"<p>Se extendi\u00f3 hasta el 29 de febrero venidero, inclusive, el receso administrativo para agentes estatales,<\/p>\n","protected":false},"author":3,"featured_media":25168,"comment_status":"open","ping_status":"open","sticky":false,"template":"","format":"standard","meta":{"footnotes":""},"categories":[1],"tags":[],"class_list":["post-25167","post","type-post","status-publish","format-standard","has-post-thumbnail","hentry","category-noticias"],"_links":{"self":[{"href":"https:\/\/24formosa.com.ar\/index.php?rest_route=\/wp\/v2\/posts\/25167","targetHints":{"allow":["GET"]}}],"collection":[{"href":"https:\/\/24formosa.com.ar\/index.php?rest_route=\/wp\/v2\/posts"}],"about":[{"href":"https:\/\/24formosa.com.ar\/index.php?rest_route=\/wp\/v2\/types\/post"}],"author":[{"embeddable":true,"href":"https:\/\/24formosa.com.ar\/index.php?rest_route=\/wp\/v2\/users\/3"}],"replies":[{"embeddable":true,"href":"https:\/\/24formosa.com.ar\/index.php?rest_route=%2Fwp%2Fv2%2Fcomments&post=25167"}],"version-history":[{"count":1,"href":"https:\/\/24formosa.com.ar\/index.php?rest_route=\/wp\/v2\/posts\/25167\/revisions"}],"predecessor-version":[{"id":25169,"href":"https:\/\/24formosa.com.ar\/index.php?rest_route=\/wp\/v2\/posts\/25167\/revisions\/25169"}],"wp:featuredmedia":[{"embeddable":true,"href":"https:\/\/24formosa.com.ar\/index.php?rest_route=\/wp\/v2\/media\/25168"}],"wp:attachment":[{"href":"https:\/\/24formosa.com.ar\/index.php?rest_route=%2Fwp%2Fv2%2Fmedia&parent=25167"}],"wp:term":[{"taxonomy":"category","embeddable":true,"href":"https:\/\/24formosa.com.ar\/index.php?rest_route=%2Fwp%2Fv2%2Fcategories&post=25167"},{"taxonomy":"post_tag","embeddable":true,"href":"https:\/\/24formosa.com.ar\/index.php?rest_route=%2Fwp%2Fv2%2Ftags&post=25167"}],"curies":[{"name":"wp","href":"https:\/\/api.w.org\/{rel}","templated":true}]}}