{"id":25155,"date":"2020-01-28T21:46:56","date_gmt":"2020-01-29T00:46:56","guid":{"rendered":"https:\/\/24formosa.com.ar\/?p=25155"},"modified":"2020-01-28T21:46:57","modified_gmt":"2020-01-29T00:46:57","slug":"tarjetas-alimentarias-como-sera-su-implementacion-en-la-provincia","status":"publish","type":"post","link":"https:\/\/24formosa.com.ar\/?p=25155","title":{"rendered":"Tarjetas alimentarias: c\u00f3mo ser\u00e1 su implementaci\u00f3n en la provincia"},"content":{"rendered":"\n<p> La coordinadora del programa \u201cMejor calidad de vida\u201d del ministerio de la comunidad, Lis Yanacon, brind\u00f3 detalles de c\u00f3mo se implementar\u00e1 el programa de Tarjetas alimentarias en la provincia, enmarcado en el Plan integral contra el hambre, que lanz\u00f3 el presidente Alberto Fern\u00e1ndez.<\/p>\n\n\n\n<p>En ese sentido, relat\u00f3 que el ministro de la comunidad An\u00edbal G\u00f3mez, por instrucciones del gobernador Insfr\u00e1n, se reuni\u00f3 en Buenos Aires con el ministro de desarrollo social de la naci\u00f3n, Daniel Arroyo, para delinear las acciones de trabajo.\u00a0<\/p>\n\n\n\n<p>\u201cEl programa de tarjetas alimentarias tiene el objetivo del acceso a la alimentaci\u00f3n y en paralelo potenciar las econom\u00edas locales y la agricultura familiar. Formosa no ser\u00e1 ajena de este alcance, por eso el ministro est\u00e1 trabajando en las cuestiones operativas para que pronto pueda llegar a Formosa estos beneficios\u201d, asegur\u00f3.<\/p>\n\n\n\n<p>Yanac\u00f3n, explic\u00f3 que el programa se nutrir\u00e1 de las bases de datos del ANSES para determinar qui\u00e9nes est\u00e1n en condiciones de percibir el beneficio, es decir, personas que reciben la asignaci\u00f3n universal por hijos de hasta seis a\u00f1os; mam\u00e1s que tienen un embarazo a partir del tercer mes de gestaci\u00f3n y asignaciones con hijos con discapacidades.<\/p>\n\n\n\n<p>\u201cEsto es importante recalcarlo para despejar algunas dudas sobre algunos legisladores de la oposici\u00f3n, que estuvieron comentando que este gobierno actual va a plantear algunas maniobras para dejar afuera a poblaciones en este nuevo programa que se va a lanzar en algunas provincias\u201d, aclar\u00f3.<\/p>\n\n\n\n<p><br>Y sigui\u00f3: \u201cEs bastante c\u00ednico escuchar comentarios de la oposici\u00f3n cuando antes de que se implemente en Formosa est\u00e1n dando por sentado situaciones imposibles, as\u00ed que las operatorias a trav\u00e9s de punteros pol\u00edticos ser\u00e1 inaceptable porque no hay que presentar papeles ni cargas formularios, va a ser autom\u00e1tico de acuerdo al padr\u00f3n del ANSES y se va a trabajar despu\u00e9s con los bancos locales\u201d.<\/p>\n\n\n\n<p>Adem\u00e1s, afirm\u00f3 que se est\u00e1 trabajando en \u201cafinar toda la informaci\u00f3n del padr\u00f3n\u201d, ya que en Formosa m\u00e1s de 60 mil ni\u00f1os, ni\u00f1as y adolescentes perciben la AUH.<\/p>\n\n\n\n<p><br>\u201cAh\u00ed se empezar\u00e1 a hacer la segmentaci\u00f3n de cu\u00e1ntos son con ni\u00f1os hasta 6 a\u00f1os, cuantas embarazadas y cuantas con asignaciones por discapacidad. Una vez filtrada esa informaci\u00f3n, esas son las familias que recibir\u00e1n las tarjetas alimentarias\u201d, indic\u00f3.<\/p>\n\n\n\n<p>Por otro lado, respecto al funcionamiento de la tarjeta, argument\u00f3 que no es para retirar efectivo sino para la compra de alimentos, menos de bebidas alcoh\u00f3licas.<\/p>\n\n\n\n<p><br>Por ende, tienen un monto de 4 mil pesos para las personas que tengan hasta un hijo y de seis mil pesos para quienes tengan m\u00e1s de un hijo.<\/p>\n\n\n\n<p>Tambi\u00e9n, los beneficiarios recibir\u00e1n un curso para el cuidado de la salud y la buena alimentaci\u00f3n porque la idea es potenciar una alimentaci\u00f3n saludable.<\/p>\n\n\n\n<p>\u201cDesde la provincia tambi\u00e9n se van a trabajar en el fomento de que la gente a la hora de comprar pueda focalizarse en los l\u00e1cteos, carnes, verduras, cereales, cosa que la familia pueda tener una alimentaci\u00f3n saludable para hacer \u00f3ptimo el uso de estas tarjetas\u201d, asever\u00f3.<\/p>\n\n\n\n<p>Yanac\u00f3n compar\u00f3 a este programa con las caracter\u00edsticas del Plan Nutrir en cu\u00e1nto a ordenador de las cuestiones ca\u00f3ticas del gobierno nacional anterior y dijo que eso los hace sentir orgullosos.<\/p>\n\n\n\n<p><br>\u201cEn Formosa son 17 mil las familias que est\u00e1n contempladas en el Plan Nutrir que tiene que ver con el retiro de bolsones saludables dos veces al mes, donde no solo se ven beneficiadas las familias que retiran sino tambi\u00e9n nuestros peque\u00f1os productores que est\u00e1n en el interior que son los que abastecen\u201d, expres\u00f3.<\/p>\n\n\n\n<p>Y concluy\u00f3 que si bien con las tarjetas alimentarias no retirar\u00e1n bolsones, pero podr\u00e1n comprar en los comercios adheridos al programa.<\/p>\n\n\n\n<p><br>\u201cEllos van a elegir lo que van a comprar pero tambi\u00e9n se va a promover la activaci\u00f3n del desarrollo local y la econom\u00eda social y eso tambi\u00e9n va a repercutir favorablemente en el mercado interno\u201d, finaliz\u00f3 Yanac\u00f3n. <\/p>\n","protected":false},"excerpt":{"rendered":"<p>La coordinadora del programa \u201cMejor calidad de vida\u201d del ministerio de la comunidad, Lis Yanacon,<\/p>\n","protected":false},"author":3,"featured_media":25156,"comment_status":"open","ping_status":"open","sticky":false,"template":"","format":"standard","meta":{"footnotes":""},"categories":[1],"tags":[],"class_list":["post-25155","post","type-post","status-publish","format-standard","has-post-thumbnail","hentry","category-noticias"],"_links":{"self":[{"href":"https:\/\/24formosa.com.ar\/index.php?rest_route=\/wp\/v2\/posts\/25155","targetHints":{"allow":["GET"]}}],"collection":[{"href":"https:\/\/24formosa.com.ar\/index.php?rest_route=\/wp\/v2\/posts"}],"about":[{"href":"https:\/\/24formosa.com.ar\/index.php?rest_route=\/wp\/v2\/types\/post"}],"author":[{"embeddable":true,"href":"https:\/\/24formosa.com.ar\/index.php?rest_route=\/wp\/v2\/users\/3"}],"replies":[{"embeddable":true,"href":"https:\/\/24formosa.com.ar\/index.php?rest_route=%2Fwp%2Fv2%2Fcomments&post=25155"}],"version-history":[{"count":1,"href":"https:\/\/24formosa.com.ar\/index.php?rest_route=\/wp\/v2\/posts\/25155\/revisions"}],"predecessor-version":[{"id":25157,"href":"https:\/\/24formosa.com.ar\/index.php?rest_route=\/wp\/v2\/posts\/25155\/revisions\/25157"}],"wp:featuredmedia":[{"embeddable":true,"href":"https:\/\/24formosa.com.ar\/index.php?rest_route=\/wp\/v2\/media\/25156"}],"wp:attachment":[{"href":"https:\/\/24formosa.com.ar\/index.php?rest_route=%2Fwp%2Fv2%2Fmedia&parent=25155"}],"wp:term":[{"taxonomy":"category","embeddable":true,"href":"https:\/\/24formosa.com.ar\/index.php?rest_route=%2Fwp%2Fv2%2Fcategories&post=25155"},{"taxonomy":"post_tag","embeddable":true,"href":"https:\/\/24formosa.com.ar\/index.php?rest_route=%2Fwp%2Fv2%2Ftags&post=25155"}],"curies":[{"name":"wp","href":"https:\/\/api.w.org\/{rel}","templated":true}]}}