{"id":25146,"date":"2020-01-27T20:20:29","date_gmt":"2020-01-27T23:20:29","guid":{"rendered":"https:\/\/24formosa.com.ar\/?p=25146"},"modified":"2020-01-27T20:20:29","modified_gmt":"2020-01-27T23:20:29","slug":"estudiar-en-verano-arranco-con-total-normalidad-en-las-instituciones-formosenas","status":"publish","type":"post","link":"https:\/\/24formosa.com.ar\/?p=25146","title":{"rendered":"\u201cEstudiar en verano\u201d arranc\u00f3 con total normalidad en las instituciones formose\u00f1as"},"content":{"rendered":"\n<p>\n\nEste lunes, empez\u00f3 en toda la provincia, el dictado del programa \u201cEstudiar en Verano\u201d, que se extender\u00e1 tres semanas hasta el 14 de febrero.<br>El mismo, inici\u00f3 con total normalidad en los 90 establecimientos educativos, que consiste en poner a disposici\u00f3n de los estudiantes del ciclo b\u00e1sico y el orientado, un espacio de apoyatura espec\u00edfica de determinadas materias que adeuden para rendir en febrero.<br>El programa cuenta con los profesores correspondientes a cada espacio curricular y un coordinador que ser\u00e1 el nexo entre ellos, los estudiantes, los padres y la organizaci\u00f3n de las materias a cursar.La coordinadora de la EPES N\u00b0 51, Jos\u00e9 G. Artigas, Alejandra Vergara, cont\u00f3 que all\u00ed contienen a m\u00e1s de 120 alumnos que adeudan materias de lengua, geograf\u00eda, matem\u00e1ticas y f\u00edsico qu\u00edmica.\u201cConsiste en dar una especie de tutor\u00eda, no de ense\u00f1ar contenidos nuevos sino de aclarar las dudas de lo que vengan estudiando, en lo posible en la mayor cantidad de temas\u201d, sostuvo.<br>Y segur\u00f3: \u201cContamos con el apoyo de los padres pero depende de la responsabilidad del alumno en gran parte\u201d.<br>Por otro lado, Miguel Arg\u00fcello, vice director de la EPES N\u00b0 33, Dr. Ram\u00f3n Carrillo, relat\u00f3: \u201cA finales del 2019 lleg\u00f3 la convocatoria para sumar a la instituci\u00f3n como todos los a\u00f1os y a partir de ah\u00ed empezamos con lo que es organizaci\u00f3n\u201d.<br>En esa instituci\u00f3n cuentan con docentes de f\u00edsico qu\u00edmica y matem\u00e1ticas, que son las materias m\u00e1s adeudadas y reciben entre cincuenta y sesenta estudiantes, pero aclar\u00f3 que la inscripci\u00f3n seguir\u00e1 abierta hasta el 30 de enero.<br>\u201cEstudiar en verano est\u00e1 dirigido a hacer el acompa\u00f1amiento a los chicos que no pudieron aprobar en diciembre para que lleguen a febrero con una mejor base para rendir los ex\u00e1menes\u201d, asever\u00f3.<br>Por su parte, la directora de la EPES N\u00b0 52, Graciela Torres, cont\u00f3 que en el ciclo b\u00e1sico las materias que m\u00e1s requer\u00edan tutor\u00edas son lengua y literatura, biolog\u00eda, formaci\u00f3n \u00e9tica y del orientado filosof\u00eda, qu\u00edmica y tambi\u00e9n, lengua y literatura.<br>Al igual que el Carrillo, contienen a m\u00e1s de cincuenta estudiantes, pero esperan que durante la semana se sumen algunos m\u00e1s.<br>\u201cEs una apoyatura para fortalecerlo en capacidades de lectura, interpretaci\u00f3n de textos, se retoma el PAIR, que es el proyecto de aprendizaje que inici\u00f3 en noviembre, diciembre para que el chico vuelva a repasar contenidos, ver trabajos pr\u00e1cticos, hacer una lectura de los textos, para que pueda recordar lo visto y est\u00e9 m\u00e1s fortalecido para afrontar las mesas de ex\u00e1menes de febrero\u201d, asegur\u00f3 la profesora.<br>La EPES N\u00b0 52 est\u00e1 en refacci\u00f3n, por ende, los interesados podr\u00e1n asistir al programa por la ma\u00f1ana en las inmediaciones de la EPEP N\u00b0 368.<br>Los tres entrevistados coincidieron en que Estudiar en Verano, es un espacio para reforzar conocimientos, t\u00e9cnicas de estudios y vaciar dudas, para que el estudiante logre llegar m\u00e1s seguro y empapado de conocimientos a rendir el examen final de la materia en febrero, con el docente titular y su respectivo tribunal.<br>Y aclararon que no es una instancia de aprobaci\u00f3n o desarrollo de nuevos contenidos.\n\n<\/p>\n","protected":false},"excerpt":{"rendered":"<p>Este lunes, empez\u00f3 en toda la provincia, el dictado del programa \u201cEstudiar en Verano\u201d, que<\/p>\n","protected":false},"author":3,"featured_media":25147,"comment_status":"open","ping_status":"open","sticky":false,"template":"","format":"standard","meta":{"footnotes":""},"categories":[1],"tags":[],"class_list":["post-25146","post","type-post","status-publish","format-standard","has-post-thumbnail","hentry","category-noticias"],"_links":{"self":[{"href":"https:\/\/24formosa.com.ar\/index.php?rest_route=\/wp\/v2\/posts\/25146","targetHints":{"allow":["GET"]}}],"collection":[{"href":"https:\/\/24formosa.com.ar\/index.php?rest_route=\/wp\/v2\/posts"}],"about":[{"href":"https:\/\/24formosa.com.ar\/index.php?rest_route=\/wp\/v2\/types\/post"}],"author":[{"embeddable":true,"href":"https:\/\/24formosa.com.ar\/index.php?rest_route=\/wp\/v2\/users\/3"}],"replies":[{"embeddable":true,"href":"https:\/\/24formosa.com.ar\/index.php?rest_route=%2Fwp%2Fv2%2Fcomments&post=25146"}],"version-history":[{"count":1,"href":"https:\/\/24formosa.com.ar\/index.php?rest_route=\/wp\/v2\/posts\/25146\/revisions"}],"predecessor-version":[{"id":25148,"href":"https:\/\/24formosa.com.ar\/index.php?rest_route=\/wp\/v2\/posts\/25146\/revisions\/25148"}],"wp:featuredmedia":[{"embeddable":true,"href":"https:\/\/24formosa.com.ar\/index.php?rest_route=\/wp\/v2\/media\/25147"}],"wp:attachment":[{"href":"https:\/\/24formosa.com.ar\/index.php?rest_route=%2Fwp%2Fv2%2Fmedia&parent=25146"}],"wp:term":[{"taxonomy":"category","embeddable":true,"href":"https:\/\/24formosa.com.ar\/index.php?rest_route=%2Fwp%2Fv2%2Fcategories&post=25146"},{"taxonomy":"post_tag","embeddable":true,"href":"https:\/\/24formosa.com.ar\/index.php?rest_route=%2Fwp%2Fv2%2Ftags&post=25146"}],"curies":[{"name":"wp","href":"https:\/\/api.w.org\/{rel}","templated":true}]}}