{"id":25135,"date":"2020-01-25T09:24:14","date_gmt":"2020-01-25T12:24:14","guid":{"rendered":"https:\/\/24formosa.com.ar\/?p=25135"},"modified":"2020-01-25T09:24:14","modified_gmt":"2020-01-25T12:24:14","slug":"planean-llevar-a-cabo-un-programa-de-precios-cuidados-a-nivel-provincial","status":"publish","type":"post","link":"https:\/\/24formosa.com.ar\/?p=25135","title":{"rendered":"Planean llevar a cabo un programa de precios cuidados a nivel provincial"},"content":{"rendered":"\n<p>\n\nEl subsecretario de defensa al consumidor y usuario, V\u00edctor Romea, confirm\u00f3 que la pr\u00f3xima semana empezar\u00e1n las reuniones con los responsables de los distintos supermercados de la provincia, para implementar un programa similar a Precios Cuidados pero con impronta formose\u00f1a.<\/p>\n\n\n\n<p>\u201cSe est\u00e1 planificando reunirnos con el director de municipios provincial para ir tomando de cada municipio del interior, aquellos comercios que est\u00e9n en condiciones de sumarse a la oferta y de esa manera podamos armar este desarrollo desde precios formose\u00f1os sostenidos, el nombre a\u00fan no est\u00e1 previsto\u201d, sostuvo el funcionario.<\/p>\n\n\n\n<p>Esta iniciativa surgi\u00f3 de la reuni\u00f3n que mantuvieron los representantes de defensa al consumidor de veinte provincias argentinas con la Subsecretaria de Acciones para la Defensa de las y los consumidores de la Naci\u00f3n, con el fin de establecer los lineamientos de la federalizaci\u00f3n del programa Precios Cuidados y aunar criterios para la fiscalizaci\u00f3n de su cumplimiento en todos los puntos del pa\u00eds.<\/p>\n\n\n\n<p>\u201cPlanteamos que en la mayor parte, excepto en las grandes ciudades, no hay cantidad suficiente de comercios oferentes. De modo tal que se dej\u00f3 plantado ante la subsecretaria, que nos permita a la provincia crear alternativas que acompa\u00f1ando a precios cuidados y con un formato parecido, podamos tener en g\u00f3ndola y con presencia permanente, menos productos pero con el referenciado de precios cuidados. Y acept\u00f3 esa posibilidad\u201d, explic\u00f3 Romea.<\/p>\n\n\n\n<p>En ese sentido, relat\u00f3 que desde la creaci\u00f3n del programa nacional, estuvo en las grandes cadenas nacionales de supermercados de la capital, con excepci\u00f3n de Chango M\u00e1s de Clorinda.<\/p>\n\n\n\n<p>\u201cDe modo tal que termina siendo una oferta escasa, peque\u00f1a y concentrada en Formosa capital\u201d, manifest\u00f3.<\/p>\n\n\n\n<p>Por eso, la necesidad de llevar adelante un programa exclusivo con productos y cadenas de comercios de la provincia.<\/p>\n\n\n\n<p>Por otro lado, Romea asegur\u00f3 que el chequeo conforme a la lista del NEA y NOA del cumplimiento de los Precios Cuidados, se realiz\u00f3 y cumpli\u00f3 en todos los casos con total normalidad.<\/p>\n\n\n\n<p>\u201cPuede pasar que nos presenten una nota donde Naci\u00f3n les autoriz\u00f3 reemplazarlos por uno semejante dentro de los valores previstos, pero en las inspecciones que hemos hecho se cumpli\u00f3 que estaban todos y esperamos que se proyecten as\u00ed a lo largo del tiempo\u201d, argument\u00f3.<\/p>\n\n\n\n<p><\/p>\n\n\n\n<p>Precios Cuidados en capital<\/p>\n\n\n\n<p><\/p>\n\n\n\n<p>El empresario Ricardo \u201cPilo\u201d C\u00e1ceres, confirm\u00f3 que desde la cadena de supermercados C\u00e1ceres, inici\u00f3 la implementaci\u00f3n del programa Precios Cuidados.<\/p>\n\n\n\n<p>\u201cEstamos recibiendo la carteler\u00eda que es un modelo similar a lo que se ten\u00eda antes, pero ya estamos teniendo en las g\u00f3ndolas algunos productos\u201d, asever\u00f3 C\u00e1ceres.<\/p>\n\n\n\n<p>Y agreg\u00f3: \u201cPrecios Cuidados marca precios de referencia, es decir, hasta donde se puede vender el tope de precio. Son importantes las primeras marcas por la referencia del precio. Es l\u00f3gico y va a haber quiebre de stock es lo que estamos hablando con los proveedores\u201d.<\/p>\n\n\n\n<p>Respecto a la incorporaci\u00f3n de productos formose\u00f1os al programa, expres\u00f3 que \u201cson los que tenemos que apoyar\u201d porque \u201cson m\u00e1s baratos que las primeras marcas\u201d.<\/p>\n\n\n\n<p>Por \u00faltimo, C\u00e1ceres indic\u00f3 que las compra m\u00e1s frecuente que realizan las personas son productos de primera necesidad y que asisten entre dos o tres veces por semana al supermercado.\n\n<\/p>\n","protected":false},"excerpt":{"rendered":"<p>El subsecretario de defensa al consumidor y usuario, V\u00edctor Romea, confirm\u00f3 que la pr\u00f3xima semana<\/p>\n","protected":false},"author":3,"featured_media":25136,"comment_status":"open","ping_status":"open","sticky":false,"template":"","format":"standard","meta":{"footnotes":""},"categories":[1],"tags":[],"class_list":["post-25135","post","type-post","status-publish","format-standard","has-post-thumbnail","hentry","category-noticias"],"_links":{"self":[{"href":"https:\/\/24formosa.com.ar\/index.php?rest_route=\/wp\/v2\/posts\/25135","targetHints":{"allow":["GET"]}}],"collection":[{"href":"https:\/\/24formosa.com.ar\/index.php?rest_route=\/wp\/v2\/posts"}],"about":[{"href":"https:\/\/24formosa.com.ar\/index.php?rest_route=\/wp\/v2\/types\/post"}],"author":[{"embeddable":true,"href":"https:\/\/24formosa.com.ar\/index.php?rest_route=\/wp\/v2\/users\/3"}],"replies":[{"embeddable":true,"href":"https:\/\/24formosa.com.ar\/index.php?rest_route=%2Fwp%2Fv2%2Fcomments&post=25135"}],"version-history":[{"count":1,"href":"https:\/\/24formosa.com.ar\/index.php?rest_route=\/wp\/v2\/posts\/25135\/revisions"}],"predecessor-version":[{"id":25137,"href":"https:\/\/24formosa.com.ar\/index.php?rest_route=\/wp\/v2\/posts\/25135\/revisions\/25137"}],"wp:featuredmedia":[{"embeddable":true,"href":"https:\/\/24formosa.com.ar\/index.php?rest_route=\/wp\/v2\/media\/25136"}],"wp:attachment":[{"href":"https:\/\/24formosa.com.ar\/index.php?rest_route=%2Fwp%2Fv2%2Fmedia&parent=25135"}],"wp:term":[{"taxonomy":"category","embeddable":true,"href":"https:\/\/24formosa.com.ar\/index.php?rest_route=%2Fwp%2Fv2%2Fcategories&post=25135"},{"taxonomy":"post_tag","embeddable":true,"href":"https:\/\/24formosa.com.ar\/index.php?rest_route=%2Fwp%2Fv2%2Ftags&post=25135"}],"curies":[{"name":"wp","href":"https:\/\/api.w.org\/{rel}","templated":true}]}}