{"id":25128,"date":"2020-01-23T12:02:14","date_gmt":"2020-01-23T15:02:14","guid":{"rendered":"https:\/\/24formosa.com.ar\/?p=25128"},"modified":"2020-01-23T12:02:14","modified_gmt":"2020-01-23T15:02:14","slug":"andrea-suarez-lo-conto-todo-sin-pelos-en-la-lengua","status":"publish","type":"post","link":"https:\/\/24formosa.com.ar\/?p=25128","title":{"rendered":"Andrea Su\u00e1rez lo cont\u00f3 todo sin pelos en la lengua"},"content":{"rendered":"\n<p>Recientemente los artistas Andrea Suarez\ny \u00c1ngel Cruz estrenaron su tema musical que lleva por nombre La Noche. Tema que\nnarra la invitaci\u00f3n de los amigos a bailar mientras llega la noche.<\/p>\n\n\n\n<p>Los sentidos se activan mientras el cuerpo se mueve\nlentamente, mientras el traje esta preparado, ellos est\u00e1n dispuesto a gozar,\nporque la noche es de los dos. La fiesta no para mientras existen los tragos,\ncon movimientos sexuales el chico se calienta y se pega mas a \u00e9l.<\/p>\n\n\n\n<p>Las palabras que se susurran al o\u00eddo \u201cYo quiero algo\ncontigo\u201d. Dicho tema cuenta con su audiovisual, donde toda la atenci\u00f3n recae en\nla pareja que baila al ritmo de la m\u00fasica con movimientos y posiciones\ner\u00f3ticas. Andrea Suarez, quien es uno de los\ninterprete de dicho tema, a trav\u00e9s de un contacto telef\u00f3nico nos brindo declaaciones.<\/p>\n\n\n\n<p>\u00bfAndrea dejaras la actuaci\u00f3n por la m\u00fasica?<\/p>\n\n\n\n<p>Pues no, la verdad que no, yo lo tengo como un mas a m\u00e1s,\nuna forma para entretener al p\u00fablico. Dejar actuar jam\u00e1s, es para mi todo, es\nrealmente lo que me llena. Actuar para mi lo es todo, ser actor porno, cantar y\nbailar.<\/p>\n\n\n\n<p>\u00bfComo har\u00e1s para combinar estas dos faceta?<\/p>\n\n\n\n<p>Bueno Ya lo llevo haciendo un largo tiempo, la primera\ncanci\u00f3n que la hice fue hace tres a\u00f1os \u201c Besame\u201d luego\nhice \u201c Mi Manguera\u201d y ahora \u201c La\nNoche\u201d ya tengo tres canciones, se puede combinar perfectamente, es ideal, es\nun mas a mas que se hace para complementar, ya que no puedo quedarme solo como\nactor porno, que si esta bien, pero quiero mas.<\/p>\n\n\n\n<p>\u00bfDe donde nace la idea de cantar?<\/p>\n\n\n\n<p>No es que siempre me ha gustado la m\u00fasica, solo que he\nestado involucrado en el mundo del espect\u00e1culo. Estudie comedia musical,\nsiempre lo que he hecho es bailar y un poco de canto. Pero la idea central es\ndarle algo mas al publico, mas entretenimiento y llegar mas all\u00e1 de lo que\npuede hacer un actor porno.<\/p>\n\n\n\n<p>\u00bfLa m\u00fasica es un hobby para ti ?<\/p>\n\n\n\n<p>Si, es un hobby para mi.Aparte es un entretenimiento para\nla gente que me sigue, mostr\u00e1ndole y ofreci\u00e9ndole un poco mas de mi dentro de\nlo que puedo hacer sin clasificarme como cantante, que es muy fuerte porque no\nlo soy. Mientras existan persona que escuchen mi canci\u00f3n y bailen eso me\nagrada.<\/p>\n\n\n\n<p>\u00bfCu\u00e9ntanos\nde este tema que acabas de estrenar?<\/p>\n\n\n\n<p>Este tema no tiene nada que ver con la idea que tenia al\nprincipio, era con un chico que no es conocido, pero al final decid\u00ed cambiarlo\ny seleccione a Angel Cruz, porque pens\u00e9 que pod\u00eda tener un poco mas de tiro, le\ndije a Angel y me dijo que si, como colaboraci\u00f3n.Todo el cargo econ\u00f3mico lo\nhice yo, el solo colaboro y estoy muy contento porque es algo diferente. Si\nescuchas el tema y luego ves el video clip, no te esperas lo que ves. Fue grabado dos d\u00edas con la misma productora, estoy muy\ncontento a pesar de que me gaste mucho dinero.<\/p>\n\n\n\n<p>\u00bfEn el\nfilme del video participan varios colegas tuyo?<\/p>\n\n\n\n<p>Pues si, realmente siempre estoy buscando que en mis\nproducciones participen gente que conozco, creo que es lo mejor, que esten las personas en quien confi\u00f3 y que tienen el deseo de\nparticipar. que mejor que participe gente muy allegada\na mi.<\/p>\n\n\n\n<p>\u00bfComo ha sido trabajar con Viktor Room?<\/p>\n\n\n\n<p>Viktor Room par mi es una bell\u00edsima persona, lo conozco desde hace\nmuchos a\u00f1os, tanto en lo laboral, profesional o personal ha demostrado que se\npuede contar con el para todo. Ya hab\u00eda participado en el video de mi \u201c Manguera\u201d y tambi\u00e9n le propuse para que participara en \u00bb la Noche\u201d y sin duda\nparticipo. Estoy contento que este en el proyecto. En cualquier proyecto que el\neste involucrado participar\u00eda sin duda, al cual le mando muchos besos.<\/p>\n\n\n\n<p>\u00bfExiste una duda en tus seguidores, te llames Andr\u00e9s o\nAndrea?<\/p>\n\n\n\n<p>Realmente la gente que tiene duda es de latino\u00e1merica,\nque si me llamo Andre o Andres,\nyo realmente me llamo Andrea Suarez. Andrea es un\nnombre de Chico Italiano, el mas com\u00fan de Italia y Suarez\nque e mi segundo apellido. Yo realmente me llamo Jonathan. Pero en el mundo del\nart\u00edstico sabes que te cambias el nombre, no por tema de privacidad, sino por\nseparar tu mundo art\u00edstico de tu vida personal. Andrea me gusta, fue una\nconfusi\u00f3n en uno de mis primeros casting y al final me gusto y me quede de esa\nmanera \u201c Andrea suare\u201d.<\/p>\n\n\n\n<p>Que traes para el 2020?<\/p>\n\n\n\n<p>Una Gira por M\u00e9xico y Colombia con Alex King,\nmucha pel\u00edcula y muchas escenas. Espero que sea un a\u00f1o de mucho trabajo,\nterminar mis estudios, que para mi es muy importante. No me quiero tomarme un\na\u00f1o muy cargado, como el a\u00f1o pasado. Tambi\u00e9n quiero disfrutar de los mios y\nmantenerme all\u00ed. La noche ya esta disponible en todas las plataformas\ndigitales, puedes disfrutarlo.<\/p>\n","protected":false},"excerpt":{"rendered":"<p>Recientemente los artistas Andrea Suarez y \u00c1ngel Cruz estrenaron su tema musical que lleva por<\/p>\n","protected":false},"author":3,"featured_media":25129,"comment_status":"open","ping_status":"open","sticky":false,"template":"","format":"standard","meta":{"footnotes":""},"categories":[1],"tags":[],"class_list":["post-25128","post","type-post","status-publish","format-standard","has-post-thumbnail","hentry","category-noticias"],"_links":{"self":[{"href":"https:\/\/24formosa.com.ar\/index.php?rest_route=\/wp\/v2\/posts\/25128","targetHints":{"allow":["GET"]}}],"collection":[{"href":"https:\/\/24formosa.com.ar\/index.php?rest_route=\/wp\/v2\/posts"}],"about":[{"href":"https:\/\/24formosa.com.ar\/index.php?rest_route=\/wp\/v2\/types\/post"}],"author":[{"embeddable":true,"href":"https:\/\/24formosa.com.ar\/index.php?rest_route=\/wp\/v2\/users\/3"}],"replies":[{"embeddable":true,"href":"https:\/\/24formosa.com.ar\/index.php?rest_route=%2Fwp%2Fv2%2Fcomments&post=25128"}],"version-history":[{"count":1,"href":"https:\/\/24formosa.com.ar\/index.php?rest_route=\/wp\/v2\/posts\/25128\/revisions"}],"predecessor-version":[{"id":25130,"href":"https:\/\/24formosa.com.ar\/index.php?rest_route=\/wp\/v2\/posts\/25128\/revisions\/25130"}],"wp:featuredmedia":[{"embeddable":true,"href":"https:\/\/24formosa.com.ar\/index.php?rest_route=\/wp\/v2\/media\/25129"}],"wp:attachment":[{"href":"https:\/\/24formosa.com.ar\/index.php?rest_route=%2Fwp%2Fv2%2Fmedia&parent=25128"}],"wp:term":[{"taxonomy":"category","embeddable":true,"href":"https:\/\/24formosa.com.ar\/index.php?rest_route=%2Fwp%2Fv2%2Fcategories&post=25128"},{"taxonomy":"post_tag","embeddable":true,"href":"https:\/\/24formosa.com.ar\/index.php?rest_route=%2Fwp%2Fv2%2Ftags&post=25128"}],"curies":[{"name":"wp","href":"https:\/\/api.w.org\/{rel}","templated":true}]}}