{"id":25125,"date":"2020-01-21T21:14:12","date_gmt":"2020-01-22T00:14:12","guid":{"rendered":"https:\/\/24formosa.com.ar\/?p=25125"},"modified":"2020-01-21T21:14:12","modified_gmt":"2020-01-22T00:14:12","slug":"un-total-de-160-millones-de-pesos-y-en-cuotas-girara-la-nacion-a-la-provincia-en-concepto-de-deudas-de-la-anses","status":"publish","type":"post","link":"https:\/\/24formosa.com.ar\/?p=25125","title":{"rendered":"Un total de 160 millones de pesos y en cuotas girar\u00e1 la Naci\u00f3n a la Provincia en concepto de deudas de la ANSES"},"content":{"rendered":"\n<p>\n\nEl presidente Alberto Fern\u00e1ndez se reuni\u00f3 el lunes en la Casa Rosada con los gobernadores de Santa Fe, Omar Perotti; de Entre R\u00edos, Gustavo Bordet, y de Formosa, Gildo Insfr\u00e1n, para acordar el pago de anticipos por un total de 1.396 millones de pesos que la Anses mantiene con esas provincias.En el caso de Formosa, el administrador general de la Caja de Previsi\u00f3n Social, Gustavo L\u00f3pez Pe\u00f1a precis\u00f3 que la deuda que manten\u00eda la Naci\u00f3n con la Provincia totalizaba 160 millones de pesos.<br>&nbsp;\u201cEse monto se transferir\u00e1 en cuotas autom\u00e1ticamente\u201d, se\u00f1alando que ser\u00e1 a partir de la firma que sostuvieron el Jefe de Estado con el primer mandatario formose\u00f1o en Buenos Aires. Aclarando adem\u00e1s que es una deuda que viene del mes de octubre del a\u00f1o pasado \u201ccuando la gesti\u00f3n de Cambiemos dej\u00f3 de transferir los fondos que le corresponde a la provincia\u201d.&nbsp;<br>En ese sentido la Naci\u00f3n tiene una obligaci\u00f3n de cubrir los d\u00e9ficits con aquellas provincias que sus sistemas previsionales&nbsp; no han transferido a la Naci\u00f3n, como es el caso de la provincia de Formosa y otras 12 administraciones provinciales.&nbsp;<br>En la d\u00e9cada del 90\u2019 se dio que las provincias transfirieron a la Naci\u00f3n las cajas provinciales. Mientras que en el caso de las provincias que no transfirieron a trav\u00e9s de una ley nacional el Estado Nacional deb\u00eda cubrir los d\u00e9ficits con fondos nacionales.&nbsp;El gobernador Gildo Insfr\u00e1n tom\u00f3 la decisi\u00f3n de no transferir la Caja de los jubilados provinciales a la \u00f3rbita nacional, sosteniendo la soberan\u00eda del sistema jubilatorio previsional, que adem\u00e1s otorga a los haberes de los pasivos \u201cel 82% m\u00f3vil\u201d.&nbsp;<br>Cabe recordar que los pasivos provinciales&nbsp; fueron alcanzados con el a\u00f1o pasado con el aumento del 42% que otorg\u00f3 el Gobierno a los activos, as\u00ed como los bonos de 5000 pesos (el 2 de enero de 2019) y el \u00faltimo de 7500 pesos (en el mes de septiembre en tres cuotas).&nbsp;<br>&nbsp;\u201cEn el gobierno de Macri se gener\u00f3 una deuda con Formosa y es por eso que el presidente Alberto Fern\u00e1ndez se comprometi\u00f3 a saldar con el Gobernador. Para Formosa son 160 millones de pesos, que se transferir\u00e1n en cuotas autom\u00e1ticamente que corresponden a los fondos adeudados por parte de la ANSES desde el mes de octubre de 2019.&nbsp;<br>Precisando el funcionario de la Caja de Previsi\u00f3n Social que las jubilaciones se abonan con fondos del Tesoro provincial.<br>\u201cEs importante resaltar la voluntad del presidente Alberto Fern\u00e1ndez con los formose\u00f1os y la decisi\u00f3n del gobernador Insfr\u00e1n de no haber transferido la caja provincial a la \u00f3rbita nacional para que de esa manera se puedan pagar las jubilaciones con los montos que se pagan hoy y las fechas que se abonan que es antes de fin de mes, y adem\u00e1s con la movilidad del 82% m\u00f3vil\u201d, afirmo, categ\u00f3rico.<br>Recordando que el incumplimiento de el expresidente Mauricio Macri, con transferir desde la ANSES fondos a la Caja se inici\u00f3 luego de perder en las PASO en agosto de 2019. \u201cComenzaron con estos retrasos y dejaron de cumplir con sus obligaciones\u201d, reiter\u00f3.&nbsp;<br>Agregando que los jubilados y pensionados \u201cse atienden en todos los hospitales del sistema de salud de la provincia sin ning\u00fan tipo de discriminaci\u00f3n sean provinciales o nacionales\u201d, porque \u201csabemos la situaci\u00f3n de desidia que pasaron en los cuatro a\u00f1os los abuelos con el PAMI\u201d.&nbsp;\n\n<\/p>\n","protected":false},"excerpt":{"rendered":"<p>El presidente Alberto Fern\u00e1ndez se reuni\u00f3 el lunes en la Casa Rosada con los gobernadores<\/p>\n","protected":false},"author":3,"featured_media":25126,"comment_status":"open","ping_status":"open","sticky":false,"template":"","format":"standard","meta":{"footnotes":""},"categories":[1],"tags":[],"class_list":["post-25125","post","type-post","status-publish","format-standard","has-post-thumbnail","hentry","category-noticias"],"_links":{"self":[{"href":"https:\/\/24formosa.com.ar\/index.php?rest_route=\/wp\/v2\/posts\/25125","targetHints":{"allow":["GET"]}}],"collection":[{"href":"https:\/\/24formosa.com.ar\/index.php?rest_route=\/wp\/v2\/posts"}],"about":[{"href":"https:\/\/24formosa.com.ar\/index.php?rest_route=\/wp\/v2\/types\/post"}],"author":[{"embeddable":true,"href":"https:\/\/24formosa.com.ar\/index.php?rest_route=\/wp\/v2\/users\/3"}],"replies":[{"embeddable":true,"href":"https:\/\/24formosa.com.ar\/index.php?rest_route=%2Fwp%2Fv2%2Fcomments&post=25125"}],"version-history":[{"count":1,"href":"https:\/\/24formosa.com.ar\/index.php?rest_route=\/wp\/v2\/posts\/25125\/revisions"}],"predecessor-version":[{"id":25127,"href":"https:\/\/24formosa.com.ar\/index.php?rest_route=\/wp\/v2\/posts\/25125\/revisions\/25127"}],"wp:featuredmedia":[{"embeddable":true,"href":"https:\/\/24formosa.com.ar\/index.php?rest_route=\/wp\/v2\/media\/25126"}],"wp:attachment":[{"href":"https:\/\/24formosa.com.ar\/index.php?rest_route=%2Fwp%2Fv2%2Fmedia&parent=25125"}],"wp:term":[{"taxonomy":"category","embeddable":true,"href":"https:\/\/24formosa.com.ar\/index.php?rest_route=%2Fwp%2Fv2%2Fcategories&post=25125"},{"taxonomy":"post_tag","embeddable":true,"href":"https:\/\/24formosa.com.ar\/index.php?rest_route=%2Fwp%2Fv2%2Ftags&post=25125"}],"curies":[{"name":"wp","href":"https:\/\/api.w.org\/{rel}","templated":true}]}}