{"id":25122,"date":"2020-01-21T20:56:27","date_gmt":"2020-01-21T23:56:27","guid":{"rendered":"https:\/\/24formosa.com.ar\/?p=25122"},"modified":"2020-01-21T20:56:28","modified_gmt":"2020-01-21T23:56:28","slug":"se-lanzo-oficialmente-la-fiesta-nacional-de-la-corvina-de-rio-2020","status":"publish","type":"post","link":"https:\/\/24formosa.com.ar\/?p=25122","title":{"rendered":"Se lanz\u00f3 oficialmente la Fiesta Nacional de la Corvina de R\u00edo 2020."},"content":{"rendered":"\n<p>\n\nEn la playa municipal de la localidad de Herradura se llev\u00f3 a cabo este lunes a las 19 horas, el lanzamiento oficial de la Fiesta Nacional de la Corvina de R\u00edo en su edici\u00f3n n\u00famero 18,estuvieron presentesel diputado nacional Ramiro Fern\u00e1ndez Patri, el director de la Red Oficial de Comunicaci\u00f3n Rafael Qui\u00f1onez, el secretario de Recursos Naturales, Ordenamiento y Calidad Ambiental Hugo Eduardo Bay, el director de Infraestructura El\u00e9ctrica Rub\u00e9n Dar\u00edo Aranda, el subsecretario de Cultura Alfredo Jara, la directora de Patrimonio Sociocultural Graciela Susana Buiatti, el ministro de Planificaci\u00f3n, Inversi\u00f3n, Obras y Servicios P\u00fablicos Daniel Marcos Malich, el director de Transporte y Comunicaciones Pablo C\u00f3rdoba, el subsecretario de Deportes y Recreaci\u00f3n Comunitaria H\u00e9ctor Mario Romay, el administrador general del Instituto de Asistencia Social Edgar Adri\u00e1n P\u00e9rez, el administrador del Servicio Provincial de Agua Potable y Saneamiento Julio Cesar Vargas Yegros, el presidente de FEHGRARonny Ojeda, el presidente de la Federaci\u00f3n de Pesca Jorge Otazo, la secretaria de la Mujer Ang\u00e9lica Garc\u00eda, la directora de Acci\u00f3n Cultural de la provincia Graciela Marechal, el director de Municipios Juan Carlos G\u00f3mez, la presidente del Concejo Deliberante de Herradura Nelly Acosta, se\u00f1ores representantes de las fuerzas de seguridad, entre otros.<\/p>\n\n\n\n<p>El diputado nacional Ramiro Fern\u00e1ndez patri remarc\u00f3 las expectativas que existen en cuanto a esta edici\u00f3n n\u00famero 18: \u201cEs un festival que se ha consolidado en el litoral argentino, es la pesca m\u00e1s importante que tenemos en toda la zona, queremos superar este a\u00f1o la cantidad de participantes, tambi\u00e9n tener la conciencia de que en un momento dif\u00edcil de la Argentina, con una crisis alimentaria y econ\u00f3mica, el Gobierno de la Provincia de Formosa ha decidido invertir recursos junto al Consejo Federal de Inversiones, para recrear un c\u00edrculo virtuoso de la econom\u00eda e incentivar el desarrollo de los emprendedores de la zona, hoy tenemos m\u00e1s de 20 complejos de caba\u00f1as y 400 plazas hoteleras ya establecidas\u201d.<\/p>\n\n\n\n<p>Tambi\u00e9n remarc\u00f3 el continuo crecimiento que existe en cuanto a turismo en toda la provincia:<\/p>\n\n\n\n<p>\u201cAyer domingo 19 de enero va a ser un d\u00eda hist\u00f3rico para el turismo en la Provincia de Formosa, hemos tenido r\u00e9cord de visitantes aqu\u00ed en la playa de Herradura, 9000 personas se dieron cita, por otra parte, en el Colorado 4500 personas pagaron para entrar al parque acu\u00e1tico. En Clorinda, el balneario sobre el r\u00edo Paraguay, funcion\u00f3 a pleno. En capital, los nuevos y variados locales que hay en la ciudad, tuvieronplena actividad gastron\u00f3mica\u201d.<\/p>\n\n\n\n<p>Por su parte el intendente de Herradura Ernesto Heizenreder, estuvo a cargo de abrir el evento y en su discurso resalt\u00f3 la gesti\u00f3n y el apoyo del gobierno provincial y el orgullo que representa para la localidad de Herradura albergar este evento de importancia provincial y nacional.<\/p>\n\n\n\n<p>\u201cQueremos expresar en primer lugar el inmenso agradecimiento por la decisi\u00f3n que se tom\u00f3 de hacer este lanzamiento por primera vez, en nuestro pueblo. Herradura se merec\u00eda esto, estamos aprendiendo a atender al turista, mejorando en todos los aspectos\u201d, sostuvo el primer mandatario provincial.<\/p>\n\n\n\n<p>Y agreg\u00f3: \u201cComo dijo el gobernador Insfr\u00e1n Herradura tiene que caminar dentro del turismo y convertirse en un polo tur\u00edstico, y lo estamos logrando gracias al apoyo del gobierno provincial, con programas como \u201cViv\u00ed el Verano 2020\u201d, con la actuaci\u00f3n de artistas, eventos deportivos y diversas actividades que hacen que el turista se fije en Herradura\u201d.<\/p>\n\n\n\n<p>Como ya es tradici\u00f3n en cada edici\u00f3n, se realizar\u00e1 el concurso de pesca deportiva de la corvina de r\u00edo con importantes premios y una mega exposici\u00f3n comercial, artesanal, gastron\u00f3mica y empresarial, as\u00ed como espect\u00e1culos de artistas de renombre local y nacional en el escenario mayor.<\/p>\n\n\n\n<p>En esta oportunidad se dio a conocer la grilla de artistas que estar\u00e1n adornando con su m\u00fasica cada noche de esta fiesta nacional, el d\u00eda viernes estar\u00e1n: Los Tekis y L\u00e1zaro Caballero,el s\u00e1bado: Sebasti\u00e1n Mendoza y Los changos de La Valle, el domingo: Diableros de Oran, Las Cuatro Cuerdas y Mat\u00edas Sotelo y Los Continuados.<\/p>\n\n\n\n<p>Se ha desarrollado en estos d\u00edas la infraestructura necesaria para recibir c\u00f3modamente a los turistas y participantes en la localidad. Sobre esto eldirector de turismo de Herradura y experimentado pescador Reinaldo Saporiti enfatiz\u00f3: \u201cEsta fiesta ha comenzado de una forma muy humilde hace 20 a\u00f1os y hoy podemos decir que es una mega fiesta nacional e internacional, por lo tanto cada d\u00eda vamos teniendo m\u00e1s turistas, porque hay un empe\u00f1o y un empuje del gobierno de la provincia y de la municipalidad de Herradura para que el visitante se lleve el mejor de los recuerdos\u201d.\n\n<\/p>\n","protected":false},"excerpt":{"rendered":"<p>En la playa municipal de la localidad de Herradura se llev\u00f3 a cabo este lunes<\/p>\n","protected":false},"author":3,"featured_media":25123,"comment_status":"open","ping_status":"open","sticky":false,"template":"","format":"standard","meta":{"footnotes":""},"categories":[1],"tags":[],"class_list":["post-25122","post","type-post","status-publish","format-standard","has-post-thumbnail","hentry","category-noticias"],"_links":{"self":[{"href":"https:\/\/24formosa.com.ar\/index.php?rest_route=\/wp\/v2\/posts\/25122","targetHints":{"allow":["GET"]}}],"collection":[{"href":"https:\/\/24formosa.com.ar\/index.php?rest_route=\/wp\/v2\/posts"}],"about":[{"href":"https:\/\/24formosa.com.ar\/index.php?rest_route=\/wp\/v2\/types\/post"}],"author":[{"embeddable":true,"href":"https:\/\/24formosa.com.ar\/index.php?rest_route=\/wp\/v2\/users\/3"}],"replies":[{"embeddable":true,"href":"https:\/\/24formosa.com.ar\/index.php?rest_route=%2Fwp%2Fv2%2Fcomments&post=25122"}],"version-history":[{"count":1,"href":"https:\/\/24formosa.com.ar\/index.php?rest_route=\/wp\/v2\/posts\/25122\/revisions"}],"predecessor-version":[{"id":25124,"href":"https:\/\/24formosa.com.ar\/index.php?rest_route=\/wp\/v2\/posts\/25122\/revisions\/25124"}],"wp:featuredmedia":[{"embeddable":true,"href":"https:\/\/24formosa.com.ar\/index.php?rest_route=\/wp\/v2\/media\/25123"}],"wp:attachment":[{"href":"https:\/\/24formosa.com.ar\/index.php?rest_route=%2Fwp%2Fv2%2Fmedia&parent=25122"}],"wp:term":[{"taxonomy":"category","embeddable":true,"href":"https:\/\/24formosa.com.ar\/index.php?rest_route=%2Fwp%2Fv2%2Fcategories&post=25122"},{"taxonomy":"post_tag","embeddable":true,"href":"https:\/\/24formosa.com.ar\/index.php?rest_route=%2Fwp%2Fv2%2Ftags&post=25122"}],"curies":[{"name":"wp","href":"https:\/\/api.w.org\/{rel}","templated":true}]}}