{"id":25116,"date":"2020-01-20T23:41:27","date_gmt":"2020-01-21T02:41:27","guid":{"rendered":"https:\/\/24formosa.com.ar\/?p=25116"},"modified":"2020-01-20T23:41:28","modified_gmt":"2020-01-21T02:41:28","slug":"se-lanzo-la-xviii-edicion-de-la-fiesta-nacional-de-la-corvina-de-rio-en-herradura","status":"publish","type":"post","link":"https:\/\/24formosa.com.ar\/?p=25116","title":{"rendered":"Se lanz\u00f3 la XVIII edici\u00f3n de La Fiesta Nacional de la Corvina de R\u00edo en Herradura"},"content":{"rendered":"\n<p>\n\nEl Gobierno de la Provincia de Formosa a trav\u00e9s del Ministerio de Turismo, realizo este lunes&nbsp; el acto de lanzamiento de la Fiesta Nacional de la Corvina de R\u00edo en su edici\u00f3n n\u00ba 18, por primera vez&nbsp; en la playa municipal de la villa tur\u00edstica de Herradura.<\/p>\n\n\n\n<p>El evento anunciado ser\u00e1 los d\u00edas 7, 8 y 9 de febrero de 2020.<\/p>\n\n\n\n<p>Del acto participaron autoridades provinciales y municipales como el Intendente local Ernesto Heizenreder, el Diputado Nacional Ramiro Fern\u00e1ndez Patri, la Diputada Nacional Graciela Parola, el Subsecretario de cultura Alfredo Jara, el administrador del Instituto de Asistencia Social, Edgar P\u00e9rez, el Ministro de Planificaci\u00f3n, Inversi\u00f3n, Obras y Servicios P\u00fablicos Daniel Marcos Malich, el Secretario de Ciencia y Tecnolog\u00eda de la provincia, Ingeniero Julio Araoz, el asesor de la cartera del Ministerio de Turismo de Formosa, Gustavo Silguero, entre otros.<\/p>\n\n\n\n<p>Heizenreder, estuvo a cargo de abrir el evento y en su discurso resalt\u00f3 la gesti\u00f3n y el apoyo del gobierno provincial y el orgullo que representa para la localidad de Herradura albergar este evento de importancia provincial y nacional.<\/p>\n\n\n\n<p>\u201cQueremos expresar en primer lugar el inmenso agradecimiento por la decisi\u00f3n que se tom\u00f3 de hacer este lanzamiento por primera vez, en nuestro pueblo. Herradura se merec\u00eda esto, estamos aprendiendo a atender al turista, mejorando en todos los aspectos\u201d, sostuvo el primer mandatario provincial.<br>Y agreg\u00f3: \u201cComo dijo el gobernador Insfr\u00e1n Herradura tiene que caminar dentro del turismo y convertirse en un polo tur\u00edstico, y lo estamos logrando gracias al apoyo del gobierno provincial, con programas como \u201cViv\u00ed el Verano 2020\u201d, con la actuaci\u00f3n de artistas, eventos deportivos y diversas actividades que hacen que el turista se fije en Herradura\u201d.<\/p>\n\n\n\n<p>A su turno, en representaci\u00f3n de los caba\u00f1eros de Herradura, hizo uso de la palabra Patricia Arroyo, que como el intendente, resalt\u00f3 la importancia de que este lanzamiento se realice en la playa municipal de la comunidad.<\/p>\n\n\n\n<p>\u201cEs innegable el crecimiento que ha tenido esta festividad, son cada vez m\u00e1s los emprendimientos que se suman y conf\u00edan en la Fiesta Nacional de la Corvina de Rio. Esto se debe al trabajo mancomunado que se realiza con el gobierno de la provincia y el apoyo constante que nos brindan y as\u00ed se logra a\u00f1o tras a\u00f1o un mejor producto un mayor n\u00famero de visitantes y un mayor disfrute para todos los que participan de este hermoso evento\u201d, manifest\u00f3 la mujer.<\/p>\n\n\n\n<p>Por su parte, el legislador nacional Ramiro Fern\u00e1ndez Patri, remarc\u00f3 que en tiempos dif\u00edciles para el pa\u00eds, Formosa pueda llevar adelante un evento de tal magnitud, austero pero con la mejor calidad de artistas locales, regionales e internacionales.<\/p>\n\n\n\n<p>\u201cComo lo hicimos en el a\u00f1o 2001 cuando naci\u00f3 este festival, la Argentina nuevamente est\u00e1 atravesando un momento dif\u00edcil, pero este festival se ha consolidado a trav\u00e9s de los a\u00f1os, esto se debe a las pol\u00edticas de Estado, que no se hacen con una coyuntura, no se hacen para una elecci\u00f3n, sino que se hace pensando en las pr\u00f3ximas generaciones\u201d, asegur\u00f3.<\/p>\n\n\n\n<p>A trav\u00e9s de un revisionismo hist\u00f3rico el legislador nacional resalto la evoluci\u00f3n del pueblo y el turismo en la regi\u00f3n: \u201cEn el 2002 Formosa cre\u00f3 el Ministerio de Turismo, muchos no entend\u00edan esta decisi\u00f3n, como Formosa que no tenia mar, no tenia monta\u00f1as, iba a tener un Ministerio de Turismo\u201d, relat\u00f3.<\/p>\n\n\n\n<p>Y resalt\u00f3: \u201cPero estaba la visi\u00f3n de un hombre que entend\u00eda, que hab\u00eda una oportunidad inmensa en mostrar la naturaleza, la cultura que era el turismo alternativo, que comer lo que nosotros comemos no se hace en todos los lugares del mundo, que nuestra cultura es \u00fanica particular e irrepetible. Y junto al modelo formose\u00f1o que nos hablaba de la identidad, de plantar las ra\u00edces y saber de d\u00f3nde ven\u00edamos, para as\u00ed saber los frutos que ten\u00edamos que dar\u201d.<\/p>\n\n\n\n<p><\/p>\n\n\n\n<p><strong>Espect\u00e1culos musicales<\/strong><\/p>\n\n\n\n<p>Luego de los sentidos discursos por parte de las autoridades representativas del evento, los presentes pudieron disfrutar de diversos artistas locales que animaron la tarde noche en la localidad herrradurense que junto al rio y lo hermoso de su playa dieron un marco espectacular a este nuevo lanzamiento.<\/p>\n\n\n\n<p>&nbsp;La Fiesta Nacional de la Corvina de R\u00edo ser\u00e1 los d\u00edas 7, 8 y 9 de febrero de 2020.<br>Como ya es tradici\u00f3n en cada edici\u00f3n, se realizar\u00e1 el concurso de pesca deportiva de la corvina de r\u00edo con importantes premios y una mega exposici\u00f3n comercial, artesanal, gastron\u00f3mica y empresarial, as\u00ed como espect\u00e1culos de artistas de renombre local y nacional en el escenario mayor.\n\n<\/p>\n","protected":false},"excerpt":{"rendered":"<p>El Gobierno de la Provincia de Formosa a trav\u00e9s del Ministerio de Turismo, realizo este<\/p>\n","protected":false},"author":3,"featured_media":25117,"comment_status":"open","ping_status":"open","sticky":false,"template":"","format":"standard","meta":{"footnotes":""},"categories":[1],"tags":[],"class_list":["post-25116","post","type-post","status-publish","format-standard","has-post-thumbnail","hentry","category-noticias"],"_links":{"self":[{"href":"https:\/\/24formosa.com.ar\/index.php?rest_route=\/wp\/v2\/posts\/25116","targetHints":{"allow":["GET"]}}],"collection":[{"href":"https:\/\/24formosa.com.ar\/index.php?rest_route=\/wp\/v2\/posts"}],"about":[{"href":"https:\/\/24formosa.com.ar\/index.php?rest_route=\/wp\/v2\/types\/post"}],"author":[{"embeddable":true,"href":"https:\/\/24formosa.com.ar\/index.php?rest_route=\/wp\/v2\/users\/3"}],"replies":[{"embeddable":true,"href":"https:\/\/24formosa.com.ar\/index.php?rest_route=%2Fwp%2Fv2%2Fcomments&post=25116"}],"version-history":[{"count":1,"href":"https:\/\/24formosa.com.ar\/index.php?rest_route=\/wp\/v2\/posts\/25116\/revisions"}],"predecessor-version":[{"id":25118,"href":"https:\/\/24formosa.com.ar\/index.php?rest_route=\/wp\/v2\/posts\/25116\/revisions\/25118"}],"wp:featuredmedia":[{"embeddable":true,"href":"https:\/\/24formosa.com.ar\/index.php?rest_route=\/wp\/v2\/media\/25117"}],"wp:attachment":[{"href":"https:\/\/24formosa.com.ar\/index.php?rest_route=%2Fwp%2Fv2%2Fmedia&parent=25116"}],"wp:term":[{"taxonomy":"category","embeddable":true,"href":"https:\/\/24formosa.com.ar\/index.php?rest_route=%2Fwp%2Fv2%2Fcategories&post=25116"},{"taxonomy":"post_tag","embeddable":true,"href":"https:\/\/24formosa.com.ar\/index.php?rest_route=%2Fwp%2Fv2%2Ftags&post=25116"}],"curies":[{"name":"wp","href":"https:\/\/api.w.org\/{rel}","templated":true}]}}