{"id":25113,"date":"2020-01-20T23:37:22","date_gmt":"2020-01-21T02:37:22","guid":{"rendered":"https:\/\/24formosa.com.ar\/?p=25113"},"modified":"2020-01-20T23:37:23","modified_gmt":"2020-01-21T02:37:23","slug":"vivi-el-verano-2020-reunion-organizativa-para-sumar-actividades-recreativas-en-los-barrios","status":"publish","type":"post","link":"https:\/\/24formosa.com.ar\/?p=25113","title":{"rendered":"Viv\u00ed el Verano 2020: reuni\u00f3n organizativa para sumar actividades recreativas en los barrios"},"content":{"rendered":"\n<p>\n\nEn el tercer piso del Fonfipro, este lunes por la ma\u00f1ana se realiz\u00f3 una reuni\u00f3n organizativa con autoridades de diferentes \u00e1reas del gobierno provincial, as\u00ed como representantes de instituciones para continuar articulando acciones en el marco del programa \u201cViv\u00ed el Verano 2020 Formosa Hermosa\u201d, que puso en marcha el Ministerio de Turismo de la provincia.<\/p>\n\n\n\n<p>Justamente, el diputado nacional Ramiro Fern\u00e1ndez Patri, promotor de la iniciativa que lleva adelante la provincia en todo el territorio en esta temporada de verano, se\u00f1al\u00f3 que la idea es avanzar en otras propuestas que incluyan actividades en los barrios.<\/p>\n\n\n\n<p>\u201cFortalecer las acciones que estamos realizando en todas las localidades del interior y programar m\u00e1s actividades para que lleguen a cada uno de los barrios porque nos est\u00e1 demandado la gente, m\u00e1s actividad recreativa porque hay muchos formose\u00f1os que recibieron la visita de familiares de otras provincias, y que est\u00e1 bueno que lo puedan tener en cada uno de sus barrios\u201d, sostuvo.<\/p>\n\n\n\n<p>Desde el programa \u201cM\u00fasica y Sabores\u201d, que financia la Provincia \u201cque tiene en cuenta por un lado a los artistas para que puedan mostrarse en los restaurantes y por otro lado que el lugar gastron\u00f3mico le brinde a sus clientes adem\u00e1s de la comida un espect\u00e1culo musical\u201d, explic\u00f3.<\/p>\n\n\n\n<p>Y agreg\u00f3: \u201cDe esta manera ganamos todos y esa manera tambi\u00e9n Formosa, no solo ofrece el atractivo natural al turismo sino tambi\u00e9n lo cultural, lo gastron\u00f3mico, m\u00e1s lo musical\u201d. Adem\u00e1s, valor\u00f3 el crecimiento que ha tenido el rubro gastron\u00f3mico con muchos emprendimientos nuevos que hoy ofrece la noche formose\u00f1a.<\/p>\n\n\n\n<p>Fern\u00e1ndez Patri, estuvo presente el fin de semana en las localidad de Herradura y Clorinda, en las playas municipales de estas ciudades, que fueron dos de los principales atractivos del programa \u201cViv\u00ed el Verano 2020\u201d, con relaci\u00f3n dijo: \u201cEstamos viviendo un presente muy importante para el sector tur\u00edstico en el pa\u00eds y para Formosa en particular y lo que fue la jornada del domingo 19, se dieron indicadores muy importantes. Tuvimos un pico hist\u00f3rico en Herradura que -seg\u00fan informes de la Polic\u00eda de la provincia- el fin de semana, han visitado la Villa Tur\u00edstica m\u00e1s de 9 mil personas. Tambi\u00e9n estuvimos en Clorinda en la playa municipal del Puerto Pilcomayo estuvo a pleno con actividades musicales, recreativas y deportivas\u201d.<\/p>\n\n\n\n<p>Mencion\u00f3 adem\u00e1s otros puntos de la provincia que fueron muy concurridos como \u201cEl Colorando donde m\u00e1s de 4500 personas abonaron su ticket para ingresar al parque acu\u00e1tico que all\u00ed funciona, adem\u00e1s de que cuenta con un camping a la vera del r\u00edo Bermejo\u201d, agregando, adem\u00e1s de una ocupaci\u00f3n hotelera del 100% en la localidad, al igual que en Herradura, con la totalidad de las caba\u00f1as ocupadas con miras a la Fiesta Nacional de la Corvina.<\/p>\n\n\n\n<p>Fern\u00e1ndez Patri, dijo que todos los indicadores positivos que est\u00e1 teniendo Formosa en esta primera quincena de enero, se vinculan con las pol\u00edticas p\u00fablicas que est\u00e1 implementado el Gobierno Nacional \u201cde darle un impulso de las pymes permiti\u00e9ndole que por seis meses puedan reprogramar los pagos con la Afip, tambi\u00e9n la expectativa que hay en la comunidad por este nuevo modelo econ\u00f3mico, el impuesto del 30% para la compra de d\u00f3lares, el congelamiento de las tarifas de los servicios p\u00fablicos, tambi\u00e9n el congelamiento del combustible son medidas que est\u00e1n haciendo que se reactive la econom\u00eda. A eso sumar el bono a la AUH, jubilados y pensionados est\u00e1n haciendo que se reactive la econom\u00eda, porque es poner dinero es los sectores populares que consumen y as\u00ed reactivar el circuito de la econom\u00eda\u201d.<\/p>\n\n\n\n<p>Valor\u00f3 que en Formosa \u201cla gesti\u00f3n del gobernador Gildo Insfr\u00e1n ha venido sosteniendo en estos cuatro a\u00f1os, desde una profunda crisis econ\u00f3mica, a todo el sistema productivo, social, con una provincia desendeudada que ha podido pagar los sueldos en tiempo y forma, y hoy encuentra este viento de cambio que nos permite mostrar estos indicadores en materia tur\u00edstica que nos llena de orgullo\u201d.\n\n<\/p>\n","protected":false},"excerpt":{"rendered":"<p>En el tercer piso del Fonfipro, este lunes por la ma\u00f1ana se realiz\u00f3 una reuni\u00f3n<\/p>\n","protected":false},"author":3,"featured_media":25114,"comment_status":"open","ping_status":"open","sticky":false,"template":"","format":"standard","meta":{"footnotes":""},"categories":[1],"tags":[],"class_list":["post-25113","post","type-post","status-publish","format-standard","has-post-thumbnail","hentry","category-noticias"],"_links":{"self":[{"href":"https:\/\/24formosa.com.ar\/index.php?rest_route=\/wp\/v2\/posts\/25113","targetHints":{"allow":["GET"]}}],"collection":[{"href":"https:\/\/24formosa.com.ar\/index.php?rest_route=\/wp\/v2\/posts"}],"about":[{"href":"https:\/\/24formosa.com.ar\/index.php?rest_route=\/wp\/v2\/types\/post"}],"author":[{"embeddable":true,"href":"https:\/\/24formosa.com.ar\/index.php?rest_route=\/wp\/v2\/users\/3"}],"replies":[{"embeddable":true,"href":"https:\/\/24formosa.com.ar\/index.php?rest_route=%2Fwp%2Fv2%2Fcomments&post=25113"}],"version-history":[{"count":1,"href":"https:\/\/24formosa.com.ar\/index.php?rest_route=\/wp\/v2\/posts\/25113\/revisions"}],"predecessor-version":[{"id":25115,"href":"https:\/\/24formosa.com.ar\/index.php?rest_route=\/wp\/v2\/posts\/25113\/revisions\/25115"}],"wp:featuredmedia":[{"embeddable":true,"href":"https:\/\/24formosa.com.ar\/index.php?rest_route=\/wp\/v2\/media\/25114"}],"wp:attachment":[{"href":"https:\/\/24formosa.com.ar\/index.php?rest_route=%2Fwp%2Fv2%2Fmedia&parent=25113"}],"wp:term":[{"taxonomy":"category","embeddable":true,"href":"https:\/\/24formosa.com.ar\/index.php?rest_route=%2Fwp%2Fv2%2Fcategories&post=25113"},{"taxonomy":"post_tag","embeddable":true,"href":"https:\/\/24formosa.com.ar\/index.php?rest_route=%2Fwp%2Fv2%2Ftags&post=25113"}],"curies":[{"name":"wp","href":"https:\/\/api.w.org\/{rel}","templated":true}]}}