{"id":25110,"date":"2020-01-20T23:33:54","date_gmt":"2020-01-21T02:33:54","guid":{"rendered":"https:\/\/24formosa.com.ar\/?p=25110"},"modified":"2020-01-20T23:33:54","modified_gmt":"2020-01-21T02:33:54","slug":"el-ministro-basterra-recibira-este-miercoles-a-referentes-frutihorticolas-de-todo-el-pais","status":"publish","type":"post","link":"https:\/\/24formosa.com.ar\/?p=25110","title":{"rendered":"El ministro Basterra recibir\u00e1 este mi\u00e9rcoles a referentes frutihort\u00edcolas de todo el pa\u00eds"},"content":{"rendered":"\n<p>\n\nEste mi\u00e9rcoles 22 de enero representantes frutihort\u00edcolas de todo el pa\u00eds se reunir\u00e1n con el ministro de Agricultura, Pesca y Ganader\u00eda de la Naci\u00f3n, Luis Basterra, para discutir la agenda del sector durante los pr\u00f3ximos meses. Las distintas entidades que llegar\u00e1n al edificio de Paseo Col\u00f3n al 900 abordar\u00e1n temas vinculados a la sanidad, la productividad y calidad, la estructura de costos, el acceso a mercados y la cuesti\u00f3n impositiva.<\/p>\n\n\n\n<p>En representaci\u00f3n de los mercados mayoristas asistir\u00e1n dirigentes de la Federaci\u00f3n Nacional de Operadores de Mercados Frutihort\u00edcolas de la Rep\u00fablica Argentina (FENAOMFRA). Adem\u00e1s dir\u00e1n presente la C\u00e1mara Argentina de Fruticultores Integrados (CAFI), la C\u00e1mara Argentina de Productores de Cerezas Integrados (CAPCI), la C\u00e1mara de Productores de Kiwi de Mar del Plata, el Comit\u00e9 Argentino de Ar\u00e1ndanos (ABC), la Federaci\u00f3n Nacional del Citrus (FEDERCITRUS), la Federaci\u00f3n Nacional de Productores de Papa, la Asociaci\u00f3n de Productores de Frutas y Hortalizas de Salta, la Asociaci\u00f3n de Productores Hort\u00edcolas de La Plata y la Asociaci\u00f3n Frutihort\u00edcola de Productores y Afines de Gral. Pueyrred\u00f3n.<\/p>\n\n\n\n<p>Un tema que tendr\u00e1 un lugar central, por lo menos durante los primeros meses de gesti\u00f3n, ser\u00e1 la inclusi\u00f3n de las frutas y verduras en la Tarjeta Alimentar. En este sentido, los representantes frutihort\u00edcolas insistir\u00e1n en la idea de que la seguridad alimentaria debe garantizar s\u00ed o s\u00ed el consumo de frutas y hortalizas. Para eso, buscar\u00e1n avanzar en el desarrollo del sector minorista no supermercadista para multiplicar los puntos de venta a precios accesibles.<\/p>\n\n\n\n<p>Otro de los temas centrales del encuentro ser\u00e1 la promoci\u00f3n del consumo como pol\u00edtica de Estado, hoy inexistente a nivel p\u00fablico, que podr\u00eda traccionar adem\u00e1s los n\u00fameros del mercado interno, en franco retroceso durante los \u00faltimos a\u00f1os.<\/p>\n\n\n\n<p>En cuanto al mercado externo solicitar\u00e1n revisar las condiciones actuales de exportaci\u00f3n, con el objetivo de garantizar un mejor acceso a los mercados con acuerdos de libre comercio o reducci\u00f3n de aranceles en pa\u00edses estrat\u00e9gicos para ganar competitividad.<\/p>\n\n\n\n<p>La extensa agenda incorporar\u00e1 tambi\u00e9n discusiones sobre el sector laboral (disponibilidad de mano de obra y registraci\u00f3n), sanidad y medio ambiente (Buenas Pr\u00e1cticas Agr\u00edcolas, correcta aplicaci\u00f3n de agroqu\u00edmicos), investigaci\u00f3n y extensi\u00f3n, energ\u00eda y desarrollo de infraestructura.<br><\/p>\n","protected":false},"excerpt":{"rendered":"<p>Este mi\u00e9rcoles 22 de enero representantes frutihort\u00edcolas de todo el pa\u00eds se reunir\u00e1n con el<\/p>\n","protected":false},"author":3,"featured_media":25111,"comment_status":"open","ping_status":"open","sticky":false,"template":"","format":"standard","meta":{"footnotes":""},"categories":[1],"tags":[],"class_list":["post-25110","post","type-post","status-publish","format-standard","has-post-thumbnail","hentry","category-noticias"],"_links":{"self":[{"href":"https:\/\/24formosa.com.ar\/index.php?rest_route=\/wp\/v2\/posts\/25110","targetHints":{"allow":["GET"]}}],"collection":[{"href":"https:\/\/24formosa.com.ar\/index.php?rest_route=\/wp\/v2\/posts"}],"about":[{"href":"https:\/\/24formosa.com.ar\/index.php?rest_route=\/wp\/v2\/types\/post"}],"author":[{"embeddable":true,"href":"https:\/\/24formosa.com.ar\/index.php?rest_route=\/wp\/v2\/users\/3"}],"replies":[{"embeddable":true,"href":"https:\/\/24formosa.com.ar\/index.php?rest_route=%2Fwp%2Fv2%2Fcomments&post=25110"}],"version-history":[{"count":1,"href":"https:\/\/24formosa.com.ar\/index.php?rest_route=\/wp\/v2\/posts\/25110\/revisions"}],"predecessor-version":[{"id":25112,"href":"https:\/\/24formosa.com.ar\/index.php?rest_route=\/wp\/v2\/posts\/25110\/revisions\/25112"}],"wp:featuredmedia":[{"embeddable":true,"href":"https:\/\/24formosa.com.ar\/index.php?rest_route=\/wp\/v2\/media\/25111"}],"wp:attachment":[{"href":"https:\/\/24formosa.com.ar\/index.php?rest_route=%2Fwp%2Fv2%2Fmedia&parent=25110"}],"wp:term":[{"taxonomy":"category","embeddable":true,"href":"https:\/\/24formosa.com.ar\/index.php?rest_route=%2Fwp%2Fv2%2Fcategories&post=25110"},{"taxonomy":"post_tag","embeddable":true,"href":"https:\/\/24formosa.com.ar\/index.php?rest_route=%2Fwp%2Fv2%2Ftags&post=25110"}],"curies":[{"name":"wp","href":"https:\/\/api.w.org\/{rel}","templated":true}]}}