{"id":25098,"date":"2020-01-17T23:51:24","date_gmt":"2020-01-18T02:51:24","guid":{"rendered":"https:\/\/24formosa.com.ar\/?p=25098"},"modified":"2020-01-17T23:51:25","modified_gmt":"2020-01-18T02:51:25","slug":"facundo-galvani-dijo-que-su-prioridad-sera-recuperar-el-personal-despedido","status":"publish","type":"post","link":"https:\/\/24formosa.com.ar\/?p=25098","title":{"rendered":"Facundo Galvani dijo que su prioridad ser\u00e1 recuperar el personal despedido"},"content":{"rendered":"\n<p> Este viernes por la ma\u00f1ana brind\u00f3 una conferencia de prensa el flamante delegado de la Regional Chaco-Formosa del Servicio Nacional de Sanidad y Calidad Agroalimentaria (Senasa), Facundo Galvani, quien manifest\u00f3 su alegr\u00eda por la designaci\u00f3n y que trabajar\u00e1 para revertir la situaci\u00f3n adversa en que se encuentra el organismo producto de los cuatro a\u00f1os de la gesti\u00f3n del macrismo.<\/p>\n\n\n\n<p><br>El formose\u00f1o de profesi\u00f3n m\u00e9dico veterinario, fue uno de los trabajadores de la Regional local, despedido en el \u00faltimo tiempo, y que en ese sentido la designaci\u00f3n le produjo \u201cuna sensaci\u00f3n de alegr\u00eda inmensa\u201d por lo vivido y tambi\u00e9n \u201cuna responsabilidad mayor por revertir una situaci\u00f3n que ven\u00eda muy mal\u201d.<\/p>\n\n\n\n<p>Mencion\u00f3 Galvani, que \u00e9l junto a otros trabajadores de la regional sufrieron maltratos, y despidos arbitrarios, por lo que la prioridad de su gesti\u00f3n ser\u00e1 \u201ctratar de recuperar a esos trabajadores que son personal id\u00f3neo y que necesitamos contar para poder volver a realizar las tareas de control, de ir a los campos y de cambiar totalmente la cara de esta regional\u201d.<\/p>\n\n\n\n<p>\u201cLo que necesitamos es levantar primero es el \u00e1nimo de las personas, hay gente muy preparada en la regional pero que est\u00e1 apagada y deprimida por lo que vivi\u00f3 en los a\u00f1os de Macri, yo mismo sufr\u00ed el despido sin aviso ni justificaci\u00f3n, pero por suerte pude volver y tuve un final feliz\u201d, reiter\u00f3 el m\u00e9dico veterinario, quien agreg\u00f3 que tambi\u00e9n significa que \u201ccomo formose\u00f1o podemos llevar adelante una administraci\u00f3n adecuada de los recursos y el patrimonio del estado nacional\u201d.<\/p>\n\n\n\n<p><br>Sobre el panorama de la sede Regional en la ciudad ubicada sobre la avenida Gutnisky dijo: \u201cTenemos un Senasa complicado presupuestariamente, tenemos d\u00e9ficit con los veh\u00edculos y el combustible, as\u00ed como el achique del personal\u201d.<\/p>\n\n\n\n<p>Explic\u00f3 que en la etapa del gobierno kirchnerista se crearon 14 centros regionales del Senasa en el pa\u00eds, y luego el macrismo achic\u00f3 a siete, siendo la sede de control para la regi\u00f3n NEA, la sede en Gobernador Virasoro-Corrientes, y \u201cdesde esa distancia hab\u00eda que hacer los controles de todas las provincias del nordeste, lo cual ahora nuevamente volveremos a contar con las 14 sedes\u201d, enfatiz\u00f3.<br>Por \u00faltimo, convoc\u00f3 a todos a trabajar para proteger la salud de los argentinos, ya que la funci\u00f3n del organismo nacional es&nbsp; fiscalizar los productos derivados de los animales y los vegetales. \u201cPoco a poco vamos a tratar de ir revirtiendo esta situaci\u00f3n de despido de muchos compa\u00f1eros, iremos tratando de reincorporarlos porque necesitamos volver a hacer los controles, trabajar con los productores, ir a los campos\u201d, y acot\u00f3 que en relaci\u00f3n a los fondos \u201cir\u00e1n llegando\u201d a medida que se ordene el organismo a nivel nacional.<br><\/p>\n","protected":false},"excerpt":{"rendered":"<p>Este viernes por la ma\u00f1ana brind\u00f3 una conferencia de prensa el flamante delegado de la<\/p>\n","protected":false},"author":3,"featured_media":25099,"comment_status":"open","ping_status":"open","sticky":false,"template":"","format":"standard","meta":{"footnotes":""},"categories":[1],"tags":[],"class_list":["post-25098","post","type-post","status-publish","format-standard","has-post-thumbnail","hentry","category-noticias"],"_links":{"self":[{"href":"https:\/\/24formosa.com.ar\/index.php?rest_route=\/wp\/v2\/posts\/25098","targetHints":{"allow":["GET"]}}],"collection":[{"href":"https:\/\/24formosa.com.ar\/index.php?rest_route=\/wp\/v2\/posts"}],"about":[{"href":"https:\/\/24formosa.com.ar\/index.php?rest_route=\/wp\/v2\/types\/post"}],"author":[{"embeddable":true,"href":"https:\/\/24formosa.com.ar\/index.php?rest_route=\/wp\/v2\/users\/3"}],"replies":[{"embeddable":true,"href":"https:\/\/24formosa.com.ar\/index.php?rest_route=%2Fwp%2Fv2%2Fcomments&post=25098"}],"version-history":[{"count":1,"href":"https:\/\/24formosa.com.ar\/index.php?rest_route=\/wp\/v2\/posts\/25098\/revisions"}],"predecessor-version":[{"id":25100,"href":"https:\/\/24formosa.com.ar\/index.php?rest_route=\/wp\/v2\/posts\/25098\/revisions\/25100"}],"wp:featuredmedia":[{"embeddable":true,"href":"https:\/\/24formosa.com.ar\/index.php?rest_route=\/wp\/v2\/media\/25099"}],"wp:attachment":[{"href":"https:\/\/24formosa.com.ar\/index.php?rest_route=%2Fwp%2Fv2%2Fmedia&parent=25098"}],"wp:term":[{"taxonomy":"category","embeddable":true,"href":"https:\/\/24formosa.com.ar\/index.php?rest_route=%2Fwp%2Fv2%2Fcategories&post=25098"},{"taxonomy":"post_tag","embeddable":true,"href":"https:\/\/24formosa.com.ar\/index.php?rest_route=%2Fwp%2Fv2%2Ftags&post=25098"}],"curies":[{"name":"wp","href":"https:\/\/api.w.org\/{rel}","templated":true}]}}