{"id":25093,"date":"2020-01-16T17:26:47","date_gmt":"2020-01-16T20:26:47","guid":{"rendered":"https:\/\/24formosa.com.ar\/?p=25093"},"modified":"2020-01-16T17:26:48","modified_gmt":"2020-01-16T20:26:48","slug":"analizan-una-canasta-de-precios-cuidados-formosenos","status":"publish","type":"post","link":"https:\/\/24formosa.com.ar\/?p=25093","title":{"rendered":"Analizan una canasta de \u201cprecios cuidados formose\u00f1os\u201d"},"content":{"rendered":"\n<p>\n\nEl presidente de la Federaci\u00f3n Econ\u00f3mica de Formosa, Enrique Zan\u00edn, dijo que se est\u00e1 evaluando con referentes de supermercados \u2013peque\u00f1os y medianos- del \u00e1mbito local y provincial ofrecer una canasta de \u201cprecios cuidados formose\u00f1os\u201d, ya que evalu\u00f3 que la actual canasta de 310 productos del programa, fue un convenio suscripto en Buenos Aires, el Gobierno Nacional con las grandes cadenas de supermercados, quienes son adem\u00e1s las formadoras de los precios.<\/p>\n\n\n\n<p>Cabe recordar que la semana pasada, Zan\u00edn junto a representantes de supermercados locales asistieron a una reuni\u00f3n convocada por la subsecretar\u00eda de defensa al consumidor y usuario, que tiene como titular al licenciado V\u00edctor Romea. All\u00ed, se invit\u00f3 a los presentes a sumarse a una nueva propuesta que ten\u00eda como objetivo armar una canasta con un total de 50 a 70 productos, y adem\u00e1s contar con la participaci\u00f3n de productores, para ofrecer por ejemplo productos de la zona como ser harina de ma\u00edz, harina de mandioca, as\u00ed lo expres\u00f3 Zan\u00edn.<\/p>\n\n\n\n<p>La intenci\u00f3n es sumar la mayor cantidad de comercios, para que el consumidor pueda tener otras alternativas al momento de encontrar productos a un precio razonable, ya que \u00fanicamente las firmas de las cadenas nacionales Chango M\u00e1s y Carrefour, ofrecen parcialmente los productos de la lista de 310 del programa Precios Cuidados, que fue relanzado d\u00edas pasados.<\/p>\n\n\n\n<p>En tanto, esta posibilidad de ofrecer entre 50 a 70 productos, se vincular\u00eda con el programa provincial Precios Formose\u00f1os Sostenidos, porque resalt\u00f3 el titular de la Federaci\u00f3n Econ\u00f3mica de Formosa que la canasta de Precios Cuidados fue acordado con las grandes cadenas de supermercados, quienes son formadores de precios y en consecuencia hacen alianzas con los fabricantes de los productos. Es el caso, de la vuelta de las primeras marcas, como una novedad a resaltar, luego de varios a\u00f1os- en especial con el macrismo-que el programa se hab\u00eda transformado en una suerte de plataforma para las grandes empresas, quienes ofrec\u00edan al consumidor productos de sus propias l\u00edneas.<\/p>\n\n\n\n<p>Otra particularidad sostuvo V\u00edctor Romea es que buscan que adhieran los supermercados del interior provincial a esta canasta de productos formose\u00f1os, que mantendr\u00e1 el mismo esp\u00edritu que el programa nacional, \u201cque el consumidor encuentre productos a precios razonables, y adem\u00e1s sumar m\u00e1s puntos de ventas en la provincia\u201d, agreg\u00f3.<\/p>\n\n\n\n<p>Romea como Zan\u00edn, vincularon esta iniciativa con la propuesta de los supermercados de chinos que en los \u00faltimos d\u00edas mantienen reuniones con autoridades del Gobierno Nacional para sumarse a la propuesta de Precios Cuidados, y que lo har\u00edan con menos productos, porque seg\u00fan dijeron es \u201cimposible competir con los formadores de precios que son las grandes cadenas de supermercados\u201d.<\/p>\n\n\n\n<p>Finalmente, conf\u00edan que en los pr\u00f3ximos d\u00edas habr\u00eda novedades en torno a una canasta de productos con firmas locales, que seg\u00fan dijo Romea incluir\u00eda productos de almac\u00e9n, algunos productos de higiene y tambi\u00e9n una participaci\u00f3n de productores locales.<\/p>\n\n\n\n<p>Sobre Precios Cuidados, y los 310 productos de la lista, en Carrefour en las sucursales en la ciudad de Formosa, ofrecer\u00edan al consumidor 200 productos del total, y los dem\u00e1s eval\u00faan sustituir por otros productos de diferentes marcas.<\/p>\n\n\n\n<p>Hay que recordar que el esp\u00edritu de Precios Cuidados, con la nueva gesti\u00f3n nacional de Alberto Fern\u00e1ndez, es volver a tener precios de referencia, en productos de consumo masivo por parte de la poblaci\u00f3n.\n\n<\/p>\n","protected":false},"excerpt":{"rendered":"<p>El presidente de la Federaci\u00f3n Econ\u00f3mica de Formosa, Enrique Zan\u00edn, dijo que se est\u00e1 evaluando<\/p>\n","protected":false},"author":3,"featured_media":25094,"comment_status":"open","ping_status":"open","sticky":false,"template":"","format":"standard","meta":{"footnotes":""},"categories":[1],"tags":[],"class_list":["post-25093","post","type-post","status-publish","format-standard","has-post-thumbnail","hentry","category-noticias"],"_links":{"self":[{"href":"https:\/\/24formosa.com.ar\/index.php?rest_route=\/wp\/v2\/posts\/25093","targetHints":{"allow":["GET"]}}],"collection":[{"href":"https:\/\/24formosa.com.ar\/index.php?rest_route=\/wp\/v2\/posts"}],"about":[{"href":"https:\/\/24formosa.com.ar\/index.php?rest_route=\/wp\/v2\/types\/post"}],"author":[{"embeddable":true,"href":"https:\/\/24formosa.com.ar\/index.php?rest_route=\/wp\/v2\/users\/3"}],"replies":[{"embeddable":true,"href":"https:\/\/24formosa.com.ar\/index.php?rest_route=%2Fwp%2Fv2%2Fcomments&post=25093"}],"version-history":[{"count":1,"href":"https:\/\/24formosa.com.ar\/index.php?rest_route=\/wp\/v2\/posts\/25093\/revisions"}],"predecessor-version":[{"id":25095,"href":"https:\/\/24formosa.com.ar\/index.php?rest_route=\/wp\/v2\/posts\/25093\/revisions\/25095"}],"wp:featuredmedia":[{"embeddable":true,"href":"https:\/\/24formosa.com.ar\/index.php?rest_route=\/wp\/v2\/media\/25094"}],"wp:attachment":[{"href":"https:\/\/24formosa.com.ar\/index.php?rest_route=%2Fwp%2Fv2%2Fmedia&parent=25093"}],"wp:term":[{"taxonomy":"category","embeddable":true,"href":"https:\/\/24formosa.com.ar\/index.php?rest_route=%2Fwp%2Fv2%2Fcategories&post=25093"},{"taxonomy":"post_tag","embeddable":true,"href":"https:\/\/24formosa.com.ar\/index.php?rest_route=%2Fwp%2Fv2%2Ftags&post=25093"}],"curies":[{"name":"wp","href":"https:\/\/api.w.org\/{rel}","templated":true}]}}