{"id":25080,"date":"2020-01-13T11:59:47","date_gmt":"2020-01-13T14:59:47","guid":{"rendered":"https:\/\/24formosa.com.ar\/?p=25080"},"modified":"2020-01-13T12:09:48","modified_gmt":"2020-01-13T15:09:48","slug":"fernandez-patri-hay-predisposicion-para-que-la-obra-se-concrete-este-ano","status":"publish","type":"post","link":"https:\/\/24formosa.com.ar\/?p=25080","title":{"rendered":"Fern\u00e1ndez Patri: \u201cHay predisposici\u00f3n para que la obra se concrete este a\u00f1o\u201d"},"content":{"rendered":"\n<p>Es sobre el Centro de Descubrimiento del Ba\u00f1ado La Estrella, una obra que el gobierno anterior del ex presidente Macri, \u201cjam\u00e1s llam\u00f3 a licitaci\u00f3n, sostuvo el diputado nacional.<\/p>\n\n\n\n<p>El diputado nacional del Frente de Todos, Ramiro Fern\u00e1ndez Patri, llev\u00f3 adelante gestiones autoridades del ministerio de Turismo y Deportes de la Naci\u00f3n, acerca del proyecto del Centro de Descubrimiento del Ba\u00f1ado La Estrella,&nbsp;siendo \u201cuna obra prioritaria\u201d, que el gobierno anterior \u201cjam\u00e1s llam\u00f3 a ejecuci\u00f3n\u201d, dijo.<\/p>\n\n\n\n<p>La semana anterior, el legislador formose\u00f1o precis\u00f3 que se reuni\u00f3 con autoridades de la naci\u00f3n, siguiendo \u201clas instrucciones del gobernador Gildo Insfr\u00e1n\u201d, sobre el Centro de Descubrimiento en el Ba\u00f1ado La Estrella. Explic\u00f3 que es una obra que se termin\u00f3 de hacer el proyecto el a\u00f1o pasado, y por lo tanto est\u00e1 todo listo para su ejecuci\u00f3n.<\/p>\n\n\n\n<p>Cont\u00f3, adem\u00e1s, que fue incorporado al presupuesto nacional, pero sin embargo \u201cjam\u00e1s fue licitado por el gobierno nacional anterior\u201d, as\u00ed que es un pedido del Gobernador al nuevo gobierno nacional \u201csiendo una prioridad\u201d, al tratarse de un lugar elegido como una de las siete maravillas naturales de la Argentina.<\/p>\n\n\n\n<p>En ese sentido, manifest\u00f3 que en la reuni\u00f3n \u201ccontamos con la predisposici\u00f3n para que la obra se realice este a\u00f1o\u201d, como as\u00ed tambi\u00e9n que \u201cel Litoral argentino sea prioridad como un destino tur\u00edstico alternativo a los tradicionales\u201d, ampliando que fue recibido tambi\u00e9n por la secretaria de promoci\u00f3n tur\u00edstica de la Naci\u00f3n, Yanina Mart\u00ednez.<\/p>\n\n\n\n<p>\u201cElla (por la funcionaria) manifest\u00f3 su deseo de lograr que el Litoral se consolide como destino tur\u00edstico, y adem\u00e1s prometi\u00f3 ayudar desde su \u00e1rea en la promoci\u00f3n de la provincia de Formosa\u201d, detall\u00f3 Fern\u00e1ndez Patri, al tiempo que destac\u00f3, que Mart\u00ednez prometi\u00f3 asistir a la Fiesta Nacional de la Corvina.<\/p>\n\n\n\n<p>Sobre la fiesta de la corvina, que ser\u00e1 el pr\u00f3ximo 7, 8 y 9 de febrero, se llev\u00f3 a cabo la semana pasada la primera reuni\u00f3n organizativa entre las diferentes \u00e1reas del gobierno provincial, y autoridades de la municipalidad de Herradura.<\/p>\n\n\n\n<p>Para este lunes, afirm\u00f3 el diputado nacional, est\u00e1 previsto visitar la localidad, para \u201cun recorrido in situ por la playa y para ultimar los detalles para acondicionar el predio\u201d, agreg\u00f3 informado que el 17 de enero pr\u00f3ximo, en una conferencia de prensa se dar\u00e1 la lista de artistas que estar\u00e1n en el escenario mayor \u201cMilico Fleitas\u201d, as\u00ed como otros detalles organizativos.<\/p>\n\n\n\n<p>En cuanto a la ocupaci\u00f3n de caba\u00f1as, el 80% ya est\u00e1 reservado, y se consolida Herradura con una gran actividad tur\u00edstica, lo cual es sumamente positivo para \u201cmuchos formose\u00f1os y pobladores del lugar y zonas cercanas, ya que genera un movimiento interesante desde lo econ\u00f3mico; y otros sectores como el transporte, los emprendedores gastron\u00f3micos\u201d, finaliz\u00f3.<\/p>\n","protected":false},"excerpt":{"rendered":"<p>Es sobre el Centro de Descubrimiento del Ba\u00f1ado La Estrella, una obra que el gobierno<\/p>\n","protected":false},"author":3,"featured_media":25083,"comment_status":"open","ping_status":"open","sticky":false,"template":"","format":"standard","meta":{"footnotes":""},"categories":[1],"tags":[],"class_list":["post-25080","post","type-post","status-publish","format-standard","has-post-thumbnail","hentry","category-noticias"],"_links":{"self":[{"href":"https:\/\/24formosa.com.ar\/index.php?rest_route=\/wp\/v2\/posts\/25080","targetHints":{"allow":["GET"]}}],"collection":[{"href":"https:\/\/24formosa.com.ar\/index.php?rest_route=\/wp\/v2\/posts"}],"about":[{"href":"https:\/\/24formosa.com.ar\/index.php?rest_route=\/wp\/v2\/types\/post"}],"author":[{"embeddable":true,"href":"https:\/\/24formosa.com.ar\/index.php?rest_route=\/wp\/v2\/users\/3"}],"replies":[{"embeddable":true,"href":"https:\/\/24formosa.com.ar\/index.php?rest_route=%2Fwp%2Fv2%2Fcomments&post=25080"}],"version-history":[{"count":1,"href":"https:\/\/24formosa.com.ar\/index.php?rest_route=\/wp\/v2\/posts\/25080\/revisions"}],"predecessor-version":[{"id":25082,"href":"https:\/\/24formosa.com.ar\/index.php?rest_route=\/wp\/v2\/posts\/25080\/revisions\/25082"}],"wp:featuredmedia":[{"embeddable":true,"href":"https:\/\/24formosa.com.ar\/index.php?rest_route=\/wp\/v2\/media\/25083"}],"wp:attachment":[{"href":"https:\/\/24formosa.com.ar\/index.php?rest_route=%2Fwp%2Fv2%2Fmedia&parent=25080"}],"wp:term":[{"taxonomy":"category","embeddable":true,"href":"https:\/\/24formosa.com.ar\/index.php?rest_route=%2Fwp%2Fv2%2Fcategories&post=25080"},{"taxonomy":"post_tag","embeddable":true,"href":"https:\/\/24formosa.com.ar\/index.php?rest_route=%2Fwp%2Fv2%2Ftags&post=25080"}],"curies":[{"name":"wp","href":"https:\/\/api.w.org\/{rel}","templated":true}]}}