{"id":25026,"date":"2019-12-29T21:01:50","date_gmt":"2019-12-30T00:01:50","guid":{"rendered":"https:\/\/24formosa.com.ar\/?p=25026"},"modified":"2019-12-29T21:01:50","modified_gmt":"2019-12-30T00:01:50","slug":"el-gobernador-inaugurara-un-centro-recreativo-cultural-y-deportivo-en-pirane","status":"publish","type":"post","link":"https:\/\/24formosa.com.ar\/?p=25026","title":{"rendered":"El Gobernador inaugurar\u00e1 un Centro recreativo, cultural y deportivo en Piran\u00e9"},"content":{"rendered":"\n<p>\n\nEste jueves 2 de enero a las 17 horas el primer mandatario provincial, Dr. Gildo Insfr\u00e1n, llevar\u00e1 a cabo la inauguraci\u00f3n de la refacci\u00f3n total del Camping Cooperativa \u00abEl Chaja\u201d LTDAen la localidad de Piran\u00e9, obra largamente anhelada por esa comunidad.<br>La obra consiste en una superficie intervenida de 27 mil metros cuadrados en total, que cuenta con distintos sectores de esparcimiento. En el acceso, adem\u00e1s del hall de entrada, se ubican los ba\u00f1os. En la parte de las piletas de nataci\u00f3n, cuenta con una ol\u00edmpica de 20 x 50 metros; una para ni\u00f1os, de 10 x 20 metros; la casilla para los equipamientos electromec\u00e1nicos y filtros; las p\u00e9rgolas y duchas.<\/p>\n\n\n\n<p>En el sector deportivo, se construyeron tres canchas de v\u00f3ley sobre c\u00e9sped, una cancha de futbol 5 tambi\u00e9n sobre c\u00e9sped, un play\u00f3n polideportivo con demarcaci\u00f3n de diferentes canchas y otra aparte de futbol de campo.<\/p>\n\n\n\n<p>Adem\u00e1s, hay una zona de juegos infantiles con toboganes, hamacas, sube y baja, trepadores y p\u00e9rgolas. Y otra de quinchos, con cinco estos de 3 x 9 metros, parrillas y dos canchas de bocha.<\/p>\n\n\n\n<p>Por otro lado, la parte se servicio tiene sanitarios con vestuarios, confiter\u00eda con sal\u00f3n, barra y cocina, admisi\u00f3n y control sanitario, oficinas, una vivienda para el encargado y un dep\u00f3sito. Al igual que los senderos de hormig\u00f3n que cuentan con columnas met\u00e1licas, farolas de iluminaci\u00f3n de exterior, p\u00e9rgolas, arborizaci\u00f3n y parquizado.<\/p>\n\n\n\n<p>Todo est\u00e1 construido con pisos cer\u00e1micos, carpinter\u00edas de aluminio y cubierta de tejas francesas.<\/p>\n\n\n\n<p>Mario Norberto Diakovski, intendente de Piran\u00e9, expres\u00f3 su alegr\u00eda y agradecimiento a Insfr\u00e1n porque es un espacio que todos los piranenses anhelaban hace mucho tiempo.<\/p>\n\n\n\n<p>\u201cEs un nuevo comienzo de a\u00f1o, pr\u00f3spero porque recibimos esta noticia y la hacemos extensiva a toda la provincia de Formosa de que Piran\u00e9 tambi\u00e9n tiene su lugar para que toda la comunidad tenga un lugar para pasarla bien con toda la familia\u201d, sostuvo.<\/p>\n\n\n\n<p>Respecto a la Cooperativa El Chaja, dijo que es un lugar conocido por los pobladores, \u201ctotalmente renovado en un convenio con la provincia\u201d y del que toda la comunidad podr\u00e1 participar.<\/p>\n\n\n\n<p>Por su parte, Jesica Palacios, presidenta del Concejo Deliberante, anticip\u00f3 que organizar\u00e1n actividades deportivas con los estudiantes de educaci\u00f3n f\u00edsica en coordinaci\u00f3n con el Subsecretario de Deportes de la provincia.<\/p>\n\n\n\n<p>\u201cNosotros felices porque una vez m\u00e1s el Gobernador nos da este detalle, esta noticia antes de que termine el a\u00f1o de que a principio de a\u00f1o, vamos a tener la grata visita de \u00e9l, que hace mucho no iba y hoy estamos muy contentos porque lo vamos a recibir\u201d, asegur\u00f3.<\/p>\n\n\n\n<p>Mario Romay, Subsecretario de deportes de la provincia, explic\u00f3 que la refacci\u00f3n de la obra se llev\u00f3 a cabo a trav\u00e9s de un convenio entre la cooperativa y el Ministerio de la Comunidad a la cual pertenece esa subsecretaria que estipul\u00f3 que el organismo se har\u00e1 cargo por los pr\u00f3ximos a\u00f1os de todo lo que implique el mantenimiento, actividades y darle el funcionamiento que merece la infraestructura.<\/p>\n\n\n\n<p>Y afirm\u00f3 que evaluar\u00e1n coordinar actividades a modo de colonia de vacaciones.<\/p>\n\n\n\n<p>\u201cHoy fue la decisi\u00f3n pol\u00edtica del Gobernador Insfr\u00e1n de tomar el toro por las astas para que eso funcione para todos los piranenses\u201d, asever\u00f3.<\/p>\n\n\n\n<p>El funcionario, que se reuni\u00f3 con Diakovski y Palacios, argument\u00f3 que el profesor Jorge L\u00f3pez, actual concejal de la localidad, seguir\u00e1 como nexo entre su ente y Piran\u00e9 en cuestiones de recreaci\u00f3n y deportes como los juegos juveniles, universitarios, EVITA, y el equipo de b\u00e1squet de categor\u00eda formativa que participa de la Liga provincial.<\/p>\n\n\n\n<p>\u201cPiran\u00e9 es una ciudad donde se vive mucho deporte, tienen un instituto de educaci\u00f3n f\u00edsica que est\u00e1 funcionando donde hay estudiantes\u201d, manifest\u00f3.<\/p>\n\n\n\n<p>Y finaliz\u00f3: \u201cCreo que la intendencia y la subsecretar\u00eda nos vamos a reunir estos d\u00edas para terminar de diagramar lo que ser\u00e1n las actividades de por lo menos 60 d\u00edas en el Centro de recreaci\u00f3n\u201d.<br><\/p>\n","protected":false},"excerpt":{"rendered":"<p>Este jueves 2 de enero a las 17 horas el primer mandatario provincial, Dr. Gildo<\/p>\n","protected":false},"author":3,"featured_media":25027,"comment_status":"open","ping_status":"open","sticky":false,"template":"","format":"standard","meta":{"footnotes":""},"categories":[1],"tags":[],"class_list":["post-25026","post","type-post","status-publish","format-standard","has-post-thumbnail","hentry","category-noticias"],"_links":{"self":[{"href":"https:\/\/24formosa.com.ar\/index.php?rest_route=\/wp\/v2\/posts\/25026","targetHints":{"allow":["GET"]}}],"collection":[{"href":"https:\/\/24formosa.com.ar\/index.php?rest_route=\/wp\/v2\/posts"}],"about":[{"href":"https:\/\/24formosa.com.ar\/index.php?rest_route=\/wp\/v2\/types\/post"}],"author":[{"embeddable":true,"href":"https:\/\/24formosa.com.ar\/index.php?rest_route=\/wp\/v2\/users\/3"}],"replies":[{"embeddable":true,"href":"https:\/\/24formosa.com.ar\/index.php?rest_route=%2Fwp%2Fv2%2Fcomments&post=25026"}],"version-history":[{"count":1,"href":"https:\/\/24formosa.com.ar\/index.php?rest_route=\/wp\/v2\/posts\/25026\/revisions"}],"predecessor-version":[{"id":25028,"href":"https:\/\/24formosa.com.ar\/index.php?rest_route=\/wp\/v2\/posts\/25026\/revisions\/25028"}],"wp:featuredmedia":[{"embeddable":true,"href":"https:\/\/24formosa.com.ar\/index.php?rest_route=\/wp\/v2\/media\/25027"}],"wp:attachment":[{"href":"https:\/\/24formosa.com.ar\/index.php?rest_route=%2Fwp%2Fv2%2Fmedia&parent=25026"}],"wp:term":[{"taxonomy":"category","embeddable":true,"href":"https:\/\/24formosa.com.ar\/index.php?rest_route=%2Fwp%2Fv2%2Fcategories&post=25026"},{"taxonomy":"post_tag","embeddable":true,"href":"https:\/\/24formosa.com.ar\/index.php?rest_route=%2Fwp%2Fv2%2Ftags&post=25026"}],"curies":[{"name":"wp","href":"https:\/\/api.w.org\/{rel}","templated":true}]}}