{"id":25015,"date":"2019-12-22T11:42:34","date_gmt":"2019-12-22T14:42:34","guid":{"rendered":"https:\/\/24formosa.com.ar\/?p=25015"},"modified":"2019-12-22T11:42:35","modified_gmt":"2019-12-22T14:42:35","slug":"insfran-presidio-importante-obra-en-direccion-de-aeronautica-provincial-rodolfo-rolo-avila","status":"publish","type":"post","link":"https:\/\/24formosa.com.ar\/?p=25015","title":{"rendered":"Insfr\u00e1n presidi\u00f3 importante obra en Direcci\u00f3n de Aeron\u00e1utica Provincial Rodolfo \u00abRolo\u00bb \u00c1vila"},"content":{"rendered":"\n<p>\n\nEl gobernador, Dr. Gildo Insfr\u00e1n, presidi\u00f3 este s\u00e1bado el acto de inauguraci\u00f3n de las refacciones y ampliaciones de la Direcci\u00f3n de Aeron\u00e1utica Provincial \u201cRodolfo &#8216;Rolo&#8217; \u00c1vila\u201d, emplazada sobre la ruta nacional N\u00b0 11.<\/p>\n\n\n\n<p>El primer mandatario estuvo acompa\u00f1ado por el vicegobernador Dr. Eber Sol\u00eds, presidente provisional de la Legislatura Provincial Dr. Armando Felipe Cabrera, ministro de Jefatura de Gabinete del Poder Ejecutivo Dr. Antonio Ferreira, ministro de Gobierno, Justicia, Seguridad y Trabajo Dr. Jorge Abel Gonz\u00e1lez, la ministra de Secretar\u00eda General Dra. Mar\u00eda Cecilia Guardia Mendonca, entre otras autoridades y la comunidad en general.<br><\/p>\n\n\n\n<p>Esta inauguraci\u00f3n tuvo su carga emocional ya que sum\u00f3 el reconocimiento a quien en vida fuera el director y piloto de la instituci\u00f3n, ingeniero Rodolfo \u00abRolo\u00bb \u00c1vila; nombre que llevar\u00e1 de ahora en m\u00e1s la Direcci\u00f3n de Aeron\u00e1utica Provincial.<\/p>\n\n\n\n<p>La autoridad responsable de dirigir unas palabras fue la ministra Guardia Mendonca, \u201cnos encontramos en una inauguraci\u00f3n m\u00e1s como nos tiene acostumbrados el Dr. Insfr\u00e1n y no solo en tiempos electorales, sino que en todos los tiempos\u00bb afirm\u00f3.<\/p>\n\n\n\n<p>Recalc\u00f3 que es una \u201csemana intensa y cargada de emociones\u201d, por el trabajo mancomunado entre las agrupaciones pol\u00edticas, comprometidas, que bajo la conducci\u00f3n y decisi\u00f3n pol\u00edtica del Gobernador Insfr\u00e1n realizan la entrega de paquetes navide\u00f1os en cada hogar formose\u00f1o, \u201cpara que el 24 a la noche no falte una sidra y un pan dulce\u201d.<\/p>\n\n\n\n<p>Repas\u00f3 adem\u00e1s las actividades de la semana, en la que acompa\u00f1aron al Dr. Insfr\u00e1n a la graduaci\u00f3n de la primera camada de desarrolladores de software y el acto de egreso de 63 oficiales de la Polic\u00eda de Formosa.<\/p>\n\n\n\n<p>Por otra parte, la ministra celebr\u00f3 que \u201centre ayer y hoy se cancel\u00f3 la segunda cuota del aguinaldo tanto para los activos como para los pasivos de la totalidad de los empleados p\u00fablicos y jubilados\u201d.<\/p>\n\n\n\n<p>Resalt\u00f3 tambi\u00e9n el hecho hist\u00f3rico de que por primera vez en la historia provincial dos mujeres ocupen la banca en diputados, \u201cesta semana jur\u00f3 Nelly Daldovo como Diputada Nacional, tenemos dos mujeres justicialistas que representan a Formosa en Naci\u00f3n. Pedimos paridad y Gildo nos dio m\u00e1s que paridad\u201d, asever\u00f3.<\/p>\n\n\n\n<p>\u201cHoy es una jornada llena de alegr\u00eda al por mayor\u201d, dijo Guardia Mendonca, \u201cson 12 mil metros cuadrados que se intervino con refacciones y ampliaciones para nuestra querida Direcci\u00f3n de Aeron\u00e1utica, la cual ha sido realizada cien por ciento con fondos del tesoro provincial\u201d, destac\u00f3.<\/p>\n\n\n\n<p>En ese sentido, contextualiz\u00f3 la dif\u00edcil situaci\u00f3n que atraves\u00f3 el pa\u00eds y por ende la provincia, y que a pesar de ello, \u201cnunca se detuvieron las inversiones ni planificaciones, porque el gobernador lleva las cuentas ordenadas y nunca se rindi\u00f3; tanto es as\u00ed, que fue uno de los mentores de la unidad nacional\u201d.<\/p>\n\n\n\n<p>Emocionada record\u00f3 al homenajeado \u201cRolo \u00c1vila\u201d con an\u00e9cdotas y dijo que este 24 faltar\u00e1 en la mesa, pero habr\u00e1 que recordarlo con la calidez y el esp\u00edritu humanitario que lo caracterizaba.<\/p>\n\n\n\n<p>\u201cUn futuro mejor va venir de la mano de Alberto Fern\u00e1ndez y nuestro conductor, Gildo Insfr\u00e1n\u201d, afirm\u00f3 al finalizar.<\/p>\n\n\n\n<p>Facundo Rave, actual director de la instituci\u00f3n, honr\u00f3 a trav\u00e9s de an\u00e9cdotas a su mentor y amigo, \u00abRolo\u00bb \u00c1vila; a la vez que agradeci\u00f3 por la ejecuci\u00f3n de esta importante obra \u201cuna nueva obra es inaugurada por el gobierno de la provincia, nos va permitir recibir a visitantes ocasionales con el confort que corresponde, y las nuevas oficinas permitir\u00e1n desarrollar las actividades complementarias a la aeron\u00e1utica\u00bb.<\/p>\n\n\n\n<p>\u00ab\u00c9ste es un gran reconocimiento a nuestro director, piloto, amigo\u2026 Rolo, y uno en la vida tiene la suerte de encontrarse con gente especial\u00bb, dijo Rave como pre\u00e1mbulo a sus an\u00e9cdotas.<\/p>\n\n\n\n<p>Tambi\u00e9n tuvo la oportunidad de dirigir unas palabras, Jorge Luis \u00c1vila, \u00abtenemos una profunda emoci\u00f3n y no hay palabras para expresar tanto agradecimiento por el aprecio a Rolo. Este acto excede nuestras expectativas como familia y amigos\u00bb (&#8230;)<\/p>\n\n\n\n<p>Entre otras cosas, enalteci\u00f3 las pol\u00edticas de salud de la provincia, \u00abtenemos la oportunidad de tener un Centro de Alta Complejidad al que pueden acudir gratuitamente quienes padecen algo muy grave, como fue el caso de mi hermano. Antes \u00e9l llevaba pacientes a Buenos Aires para que se atiendan y tiempo despu\u00e9s \u00e9l mismo pudo atenderse a 15 cuadras de su casa\u00bb.<\/p>\n\n\n\n<p>Para finalizar agradeci\u00f3 nuevamente al gobernador, \u201ces muy dif\u00edcil la ausencia pero este gesto hace que \u00e9l est\u00e9 presente\u201d.&nbsp;\n\n<\/p>\n","protected":false},"excerpt":{"rendered":"<p>El gobernador, Dr. Gildo Insfr\u00e1n, presidi\u00f3 este s\u00e1bado el acto de inauguraci\u00f3n de las refacciones<\/p>\n","protected":false},"author":3,"featured_media":25016,"comment_status":"open","ping_status":"open","sticky":false,"template":"","format":"standard","meta":{"footnotes":""},"categories":[1],"tags":[],"class_list":["post-25015","post","type-post","status-publish","format-standard","has-post-thumbnail","hentry","category-noticias"],"_links":{"self":[{"href":"https:\/\/24formosa.com.ar\/index.php?rest_route=\/wp\/v2\/posts\/25015","targetHints":{"allow":["GET"]}}],"collection":[{"href":"https:\/\/24formosa.com.ar\/index.php?rest_route=\/wp\/v2\/posts"}],"about":[{"href":"https:\/\/24formosa.com.ar\/index.php?rest_route=\/wp\/v2\/types\/post"}],"author":[{"embeddable":true,"href":"https:\/\/24formosa.com.ar\/index.php?rest_route=\/wp\/v2\/users\/3"}],"replies":[{"embeddable":true,"href":"https:\/\/24formosa.com.ar\/index.php?rest_route=%2Fwp%2Fv2%2Fcomments&post=25015"}],"version-history":[{"count":1,"href":"https:\/\/24formosa.com.ar\/index.php?rest_route=\/wp\/v2\/posts\/25015\/revisions"}],"predecessor-version":[{"id":25017,"href":"https:\/\/24formosa.com.ar\/index.php?rest_route=\/wp\/v2\/posts\/25015\/revisions\/25017"}],"wp:featuredmedia":[{"embeddable":true,"href":"https:\/\/24formosa.com.ar\/index.php?rest_route=\/wp\/v2\/media\/25016"}],"wp:attachment":[{"href":"https:\/\/24formosa.com.ar\/index.php?rest_route=%2Fwp%2Fv2%2Fmedia&parent=25015"}],"wp:term":[{"taxonomy":"category","embeddable":true,"href":"https:\/\/24formosa.com.ar\/index.php?rest_route=%2Fwp%2Fv2%2Fcategories&post=25015"},{"taxonomy":"post_tag","embeddable":true,"href":"https:\/\/24formosa.com.ar\/index.php?rest_route=%2Fwp%2Fv2%2Ftags&post=25015"}],"curies":[{"name":"wp","href":"https:\/\/api.w.org\/{rel}","templated":true}]}}