{"id":25008,"date":"2019-12-20T21:01:56","date_gmt":"2019-12-21T00:01:56","guid":{"rendered":"https:\/\/24formosa.com.ar\/?p=25008"},"modified":"2019-12-20T21:01:57","modified_gmt":"2019-12-21T00:01:57","slug":"insfran-presidio-incorporacion-de-nuevos-oficiales-policiales-2","status":"publish","type":"post","link":"https:\/\/24formosa.com.ar\/?p=25008","title":{"rendered":"Insfr\u00e1n presidi\u00f3 incorporaci\u00f3n de nuevos oficiales policiales"},"content":{"rendered":"\n<p>\n\nUn claro llamado al \u201cm\u00e1ximo compromiso con la comunidad\u201d por continuar mejorando la seguridad p\u00fablica a favor del pueblo formose\u00f1o, se hizo este viernes en el marco del acto de promoci\u00f3n de Oficiales Ayudantes y T\u00e9cnicos Superiores en Seguridad P\u00fablica de la Polic\u00eda Provincial.<\/p>\n\n\n\n<p>Fue en la plaza de armas del Instituto Superior de Formaci\u00f3n Policial&nbsp; donde se llev\u00f3 a cabo esta ceremonia presidida por el gobernador Gildo Insfr\u00e1n. Se trat\u00f3 de la XLII promoci\u00f3n de oficiales ayudantes, la d\u00e9cima de T\u00e9cnico Superior en Seguridad P\u00fablica y segunda de T\u00e9cnico Superior en Seguridad Penitenciaria, quienes recibieron sus sables y despachos que los acredita haber sido promovidos del Instituto Superior de Formaci\u00f3n Policial.<\/p>\n\n\n\n<p>Entre las autoridades se cont\u00f3 el vicegobernador Eber Sol\u00eds, el presidente provisional de la Legislatura, Armando Cabrera, el ministro Jefe de Gabinete, Antonio Ferreira, el intendente Jorge Jofre, ministros del PEP, entre ellos el de Gobierno, Justicia, Seguridad y Trabajo, Jorge Abel Gonz\u00e1lez, el jefe policial, comisario general Walter Ren\u00e9 Arroyo.<\/p>\n\n\n\n<p>Asistieron tambi\u00e9n legisladores provinciales, autoridades de los dem\u00e1s poderes del Estado, y familiares de los flamantes oficiales.<\/p>\n\n\n\n<p>Tras la entonaci\u00f3n del Himno Nacional Argentino y del Himno Marcha Formosa, el director del Instituto Superior de formaci\u00f3n policial. comisario Christian Edgardo Rivero formaliz\u00f3 el cambio de abanderados de las ense\u00f1as nacional y provincial de&nbsp; los cadetes con mejor promedio del instituto.<\/p>\n\n\n\n<p>Luego fue el turno de la bendici\u00f3n de los sables, por parte del capell\u00e1n policial, subcomisario Salvador Gurrieri, tras lo cual el gobernador encabez\u00f3 la entrega de sables y despachos a los flamantes egresados.<\/p>\n\n\n\n<p>Al hablar ante los presentes, el ministro de Gobierno, Justicia, Seguridad y Trabajo Jorge Abel Gonz\u00e1lez llam\u00f3 a los polic\u00edas a trabajar con el mayor compromiso hacia su comunidad desmitificando el antiguo tratamiento de polic\u00eda \u201cdura\u201d por una m\u00e1s \u201chumana\u201d y que busca la resoluci\u00f3n de conflictos.<\/p>\n\n\n\n<p>\u201cNo es una profesi\u00f3n f\u00e1cil, pero tiene un alto compromiso con el otro\u201d resumi\u00f3 el funcionario.<\/p>\n\n\n\n<p>Dijo que el acto de egreso es \u201cEs muy particular, es de alta pol\u00edtica p\u00fablica porque es de la educaci\u00f3n p\u00fablica formose\u00f1a, en materia de seguridad, de las pol\u00edticas sociales de Formosa, de un modelo que brega por mejorar la calidad de vida de las personas que eligieron la provincia como \u00e1mbito para desarrollarse\u201d.<\/p>\n\n\n\n<p>Record\u00f3 Gonz\u00e1lez que acompa\u00f1\u00f3 a un grupo de cadetes que tuvo la iniciativa de reunir a la comunidad en una actividad recreativa y solidaria.<\/p>\n\n\n\n<p>\u201cEn su momento no fueron comprendidos por quienes deb\u00edan. Es m\u00e1s, los tildaron de payasos, pero nosotros no lo permitimos y apoyamos la iniciativa y todav\u00eda vivo ese momento de felicidad de los ni\u00f1os del barrio compartiendo una jornada de juegos con los cadetes y personal de la polic\u00eda inclusive un comisario general disfrazado de Papa Noel. La construcci\u00f3n de seguridad implica que la polic\u00eda es miembro de la comunidad\u201d relat\u00f3.<\/p>\n\n\n\n<p>Dijo que se trat\u00f3 de un \u201cabordaje diferente\u201d que tuvo un alto impacto comunitario.<\/p>\n\n\n\n<p>\u201cQuiero desmitificar la imagen de una polic\u00eda lejana, dura, a la imagen de esta polic\u00eda humana, que estamos llevando adelante los formose\u00f1os, que tiende su mano para la soluci\u00f3n de cualquier problema, que constituye un canal para buscar la soluci\u00f3n\u201d subray\u00f3 al tiempo que pidi\u00f3 a los j\u00f3venes \u201cun alt\u00edsimo compromiso para con nuestra tierra\u201d.<br><\/p>\n","protected":false},"excerpt":{"rendered":"<p>Un claro llamado al \u201cm\u00e1ximo compromiso con la comunidad\u201d por continuar mejorando la seguridad p\u00fablica<\/p>\n","protected":false},"author":3,"featured_media":25009,"comment_status":"open","ping_status":"open","sticky":false,"template":"","format":"standard","meta":{"footnotes":""},"categories":[1],"tags":[],"class_list":["post-25008","post","type-post","status-publish","format-standard","has-post-thumbnail","hentry","category-noticias"],"_links":{"self":[{"href":"https:\/\/24formosa.com.ar\/index.php?rest_route=\/wp\/v2\/posts\/25008","targetHints":{"allow":["GET"]}}],"collection":[{"href":"https:\/\/24formosa.com.ar\/index.php?rest_route=\/wp\/v2\/posts"}],"about":[{"href":"https:\/\/24formosa.com.ar\/index.php?rest_route=\/wp\/v2\/types\/post"}],"author":[{"embeddable":true,"href":"https:\/\/24formosa.com.ar\/index.php?rest_route=\/wp\/v2\/users\/3"}],"replies":[{"embeddable":true,"href":"https:\/\/24formosa.com.ar\/index.php?rest_route=%2Fwp%2Fv2%2Fcomments&post=25008"}],"version-history":[{"count":1,"href":"https:\/\/24formosa.com.ar\/index.php?rest_route=\/wp\/v2\/posts\/25008\/revisions"}],"predecessor-version":[{"id":25010,"href":"https:\/\/24formosa.com.ar\/index.php?rest_route=\/wp\/v2\/posts\/25008\/revisions\/25010"}],"wp:featuredmedia":[{"embeddable":true,"href":"https:\/\/24formosa.com.ar\/index.php?rest_route=\/wp\/v2\/media\/25009"}],"wp:attachment":[{"href":"https:\/\/24formosa.com.ar\/index.php?rest_route=%2Fwp%2Fv2%2Fmedia&parent=25008"}],"wp:term":[{"taxonomy":"category","embeddable":true,"href":"https:\/\/24formosa.com.ar\/index.php?rest_route=%2Fwp%2Fv2%2Fcategories&post=25008"},{"taxonomy":"post_tag","embeddable":true,"href":"https:\/\/24formosa.com.ar\/index.php?rest_route=%2Fwp%2Fv2%2Ftags&post=25008"}],"curies":[{"name":"wp","href":"https:\/\/api.w.org\/{rel}","templated":true}]}}