{"id":25005,"date":"2019-12-20T20:59:44","date_gmt":"2019-12-20T23:59:44","guid":{"rendered":"https:\/\/24formosa.com.ar\/?p=25005"},"modified":"2019-12-20T20:59:45","modified_gmt":"2019-12-20T23:59:45","slug":"el-gobernador-insfran-inaugurara-un-paquete-de-obras-en-capital-y-el-interior","status":"publish","type":"post","link":"https:\/\/24formosa.com.ar\/?p=25005","title":{"rendered":"El gobernador Insfr\u00e1n inaugurar\u00e1 un paquete de obras en capital y el interior"},"content":{"rendered":"\n<p>\n\nEl gobernador Gildo Insfr\u00e1n este s\u00e1bado inaugurar\u00e1 nuevas obras en la ciudad capital y el interior provincial. En la ciudad de Formosa, por la ma\u00f1ana, a las 9,45 est\u00e1 previsto el acto de inauguraci\u00f3n de las&nbsp; refacciones y ampliaciones de la Direcci\u00f3n de Aeron\u00e1utica Provincial \u00abRodolfo \u201cRolo\u201d \u00c1vila\u00bb, emplazada sobre la ruta nacional N\u00b0 11.<\/p>\n\n\n\n<p>Mientras que por la tarde, en la localidad de Palma Sola, a las 18,45 habilitar\u00e1 un nuevo Centro de Salud \u00abPalma Sola\u201d, y posteriormente el primer mandatario se trasladar\u00e1 a la localidad de Laguna Naineck, donde a las 19,15, se inaugurar\u00e1n el Polideportivo Municipal (ubicado sobre la ruta N\u00b0 86), pavimentaci\u00f3n de las avenidas Juan B. Alberdi y Gral. San Mart\u00edn, esta \u00faltima es el acceso al pueblo. Y el cierre y acto central de la comitiva gubernamental ser\u00e1 en la Plaza San Mart\u00edn.<\/p>\n\n\n\n<p>En la Direcci\u00f3n de Aeron\u00e1utica Provincial, \u00abRodolfo \u201cRolo\u201d \u00c1vila\u00bb, las \u00e1reas ampliadas ser\u00e1n el acceso principal, galer\u00edas y estacionamiento. En tanto, un sector Vip que incluye el hall de acceso, sala de reuniones, oficina, cocina y sanitarios para damas y caballeros; y una cancha de f\u00fatbol. Lo que comprende las \u00e1reas de refacci\u00f3n son para el sector administrativo: recepci\u00f3n y sala de espera; direcci\u00f3n, secretar\u00eda, administraci\u00f3n contable, operaciones y sala de reuniones, office; y tambi\u00e9n sanitarios.<\/p>\n\n\n\n<p>Adem\u00e1s, la refacci\u00f3n de hangares que son los espacios para guardar y mantener los aviones. Incluye las obras de dep\u00f3sitos de lubricantes, taller y dep\u00f3sito de herramientas. Con una superficie total intervenida de 12.578,02 m2.<\/p>\n\n\n\n<p>En el interior provincial, el primer mandatario continuando con las nuevas obras inauguradas, ser\u00e1 el turno de un Centro de Salud en Palma Sola, que se desarroll\u00f3 en una superficie total de 1.600,00 m2 y cuenta con los siguientes espacios funcionales: acceso principal, sala de espera, enfermer\u00eda con sanitario, consultorio general y de pediatr\u00eda, sala de pre internaci\u00f3n&nbsp; con sanitario, sanitarios p\u00fablicos, dep\u00f3sito, galer\u00eda, parquizaci\u00f3n, vereda, tanque y cisterna.<\/p>\n\n\n\n<p>En la localidad de Laguna Naineck, ubicado en el departamento Pilcomayo, la inauguraci\u00f3n de la Plaza General San Mart\u00edn que est\u00e1 ubicada sobre las avenidas Labrador y San Mart\u00edn. Cuenta con espacios de recreaci\u00f3n como ser juegos para los chicos, un sector de gimnasio, anfiteatro, m\u00e1stil, y el espacio central. Una superficie total intervenida de 10.000 m2.<\/p>\n\n\n\n<p>Tambi\u00e9n, en Naineck, un Polideportivo Municipal, totalmente refaccionado, dotado de instalaciones deportivas adaptadas a la pr\u00e1ctica de f\u00fatbol de sal\u00f3n, baloncesto, y v\u00f3leibol. La obra comprende el acceso principal y la galer\u00eda, play\u00f3n deportivo, dep\u00f3sito, sanitario para personas con discapacidad; sanitarios con vestuario para hombres y mujeres. La superficie total intervenida es de 1005 m2.<br>El intendente de Laguna Naineck, Julio Murdock se refiri\u00f3 al paquete de obras que dejar\u00e1 inaugurado el primer mandatario formose\u00f1o en su localidad. Asegur\u00f3 que pese a ser tiempos dif\u00edciles, en alusi\u00f3n a la crisis econ\u00f3mica y social que padece el pa\u00eds, \u201ces gracias a las pol\u00edticas activas del Gobierno provincial que vamos a contar con importantes obras\u201d.<\/p>\n\n\n\n<p>Naineck es un sector con importante producci\u00f3n de banana, mango, calabazas \u2013que acaba de terminar la cosecha-, verdeo y hortalizas; que es a trav\u00e9s del Plan Nutrir, que los peque\u00f1os productores paipperos tienen&nbsp; asegurada la comercializaci\u00f3n de su producci\u00f3n, agregando el jefe comunal que el programa alimentario provincial para las familias formose\u00f1as en situaciones m\u00e1s vulnerables, permite que el sector productivo de localidad \u201cno ha ca\u00eddo y adem\u00e1s porque reciben la asistencia del Estado provincial\u201d.<\/p>\n\n\n\n<p>Por ejemplo, la planta de empaque del CEDEVA&nbsp; tiene hoy frutos tropicales como mango de los paipperos de Naineck que se comercializan en el Mercado Central con destinos variados&nbsp; como Jujuy, C\u00f3rdoba y La Plata.\n\n<\/p>\n","protected":false},"excerpt":{"rendered":"<p>El gobernador Gildo Insfr\u00e1n este s\u00e1bado inaugurar\u00e1 nuevas obras en la ciudad capital y el<\/p>\n","protected":false},"author":3,"featured_media":25006,"comment_status":"open","ping_status":"open","sticky":false,"template":"","format":"standard","meta":{"footnotes":""},"categories":[1],"tags":[],"class_list":["post-25005","post","type-post","status-publish","format-standard","has-post-thumbnail","hentry","category-noticias"],"_links":{"self":[{"href":"https:\/\/24formosa.com.ar\/index.php?rest_route=\/wp\/v2\/posts\/25005","targetHints":{"allow":["GET"]}}],"collection":[{"href":"https:\/\/24formosa.com.ar\/index.php?rest_route=\/wp\/v2\/posts"}],"about":[{"href":"https:\/\/24formosa.com.ar\/index.php?rest_route=\/wp\/v2\/types\/post"}],"author":[{"embeddable":true,"href":"https:\/\/24formosa.com.ar\/index.php?rest_route=\/wp\/v2\/users\/3"}],"replies":[{"embeddable":true,"href":"https:\/\/24formosa.com.ar\/index.php?rest_route=%2Fwp%2Fv2%2Fcomments&post=25005"}],"version-history":[{"count":1,"href":"https:\/\/24formosa.com.ar\/index.php?rest_route=\/wp\/v2\/posts\/25005\/revisions"}],"predecessor-version":[{"id":25007,"href":"https:\/\/24formosa.com.ar\/index.php?rest_route=\/wp\/v2\/posts\/25005\/revisions\/25007"}],"wp:featuredmedia":[{"embeddable":true,"href":"https:\/\/24formosa.com.ar\/index.php?rest_route=\/wp\/v2\/media\/25006"}],"wp:attachment":[{"href":"https:\/\/24formosa.com.ar\/index.php?rest_route=%2Fwp%2Fv2%2Fmedia&parent=25005"}],"wp:term":[{"taxonomy":"category","embeddable":true,"href":"https:\/\/24formosa.com.ar\/index.php?rest_route=%2Fwp%2Fv2%2Fcategories&post=25005"},{"taxonomy":"post_tag","embeddable":true,"href":"https:\/\/24formosa.com.ar\/index.php?rest_route=%2Fwp%2Fv2%2Ftags&post=25005"}],"curies":[{"name":"wp","href":"https:\/\/api.w.org\/{rel}","templated":true}]}}