{"id":24999,"date":"2019-12-19T22:51:21","date_gmt":"2019-12-20T01:51:21","guid":{"rendered":"https:\/\/24formosa.com.ar\/?p=24999"},"modified":"2019-12-19T22:51:22","modified_gmt":"2019-12-20T01:51:22","slug":"insfran-reivindico-al-peronismo-como-herramienta-facilitadora-de-la-ciencia-y-tecnologia","status":"publish","type":"post","link":"https:\/\/24formosa.com.ar\/?p=24999","title":{"rendered":"Insfr\u00e1n reivindic\u00f3 al peronismo como herramienta facilitadora de la ciencia y tecnolog\u00eda"},"content":{"rendered":"\n<p>\n\nEl gobernador Gildo Insfr\u00e1n encabez\u00f3 el acto de colaci\u00f3n de la primera promoci\u00f3n de la carrera \u201cEspecializaci\u00f3n tecnol\u00f3gica en desarrollo de software\u201d del Instituto Polit\u00e9cnico de Formosa, que funciona en el Polo, Cient\u00edfico, Tecnol\u00f3gico &amp; Innovaci\u00f3n.<\/p>\n\n\n\n<p>All\u00ed reivindic\u00f3 al peronismo como la herramienta facilitadora del desarrollo cient\u00edfico y tecnol\u00f3gico; y felicit\u00f3 a los flamantes egresados, a quienes defini\u00f3 como \u201chijos del modelo formose\u00f1o\u201d.<\/p>\n\n\n\n<p>Asistieron a la ceremonia de entrega de diplomas adem\u00e1s el vicegobernador Eber Sol\u00eds, el presidente provisional de la Legislatura Armando Felipe Cabrera, jefe de Gabinete Antonio Ferreira, ministros del Poder Ejecutivo, legisladores provinciales e invitados especiales.<\/p>\n\n\n\n<p>\u201cEste acto se hace en Formosa, despu\u00e9s de 4 a\u00f1os de un gobierno nacional de tinte neoliberal, que nos dio la espalda en todo momento y no me extra\u00f1a que el porcentaje de egresados sea alarmante, porque s\u00e9 que el pueblo formose\u00f1o es aguerrido y lo est\u00e1n demostrando sus hijos\u201d se\u00f1al\u00f3 al referirse que culmin\u00f3 sus estudios el 91% de la matr\u00edcula que comenz\u00f3 la cursada.<\/p>\n\n\n\n<p>\u201cSon los hijos de un modelo pol\u00edtico, del Modelo Formose\u00f1o que supimos con unidad, organizaci\u00f3n y solidaridad mantenernos firmes ante un gobierno nacional que trataba de destruirnos a toda costa\u201d se\u00f1al\u00f3.<\/p>\n\n\n\n<p>M\u00e1s adelante record\u00f3 al Papa Francisco como un l\u00edder mundial que tiene claros sus conceptos sobre la inequidad existente en este mundo globalizado: \u201cporque dice que el problema es la distribuci\u00f3n de la riqueza, exagerada concentraci\u00f3n de riqueza en mano de pocos\u201d (\u2026).<\/p>\n\n\n\n<p><strong>\u201cVara alta\u201d<\/strong><\/p>\n\n\n\n<p>En forma ir\u00f3nica Insfr\u00e1n coment\u00f3 que escuchaba recientemente al ex presidente Mauricio Macri decir que dej\u00f3 la \u201cvara alta\u201d y se\u00f1al\u00f3 que \u201ces cierto, alta en desocupaci\u00f3n, en endeudamiento, inflaci\u00f3n, millones de argentinos que no tienen para comer. Pero como es un mentiroso contumaz, dec\u00eda que dej\u00f3 un pa\u00eds para crecer\u201d y se pregunt\u00f3 como ocurrir\u00e1 esto si la Argentina se encuentra \u201cdestruida\u201d.<\/p>\n\n\n\n<p>Record\u00f3 tambi\u00e9n que la ex presidenta Gabriela Michettti anunci\u00f3 varias veces que se vislumbraba una \u201cluz al final del t\u00fanel que nunca apareci\u00f3\u201d, al contrario- dijo\u201d \u201cCada vez que entrabamos al t\u00fanel era m\u00e1s oscuro\u201d.<\/p>\n\n\n\n<p>No obstante este panorama sombr\u00edo aparece con una esperanza depositada en Alberto Fern\u00e1ndez y Cristina Fern\u00e1ndez.<\/p>\n\n\n\n<p>\u201cQuiero recalcar que si yo no hubiera sido peronista, este acto hoy no lo est\u00e1bamos realizando\u201d enfatiz\u00f3.\n\n<\/p>\n","protected":false},"excerpt":{"rendered":"<p>El gobernador Gildo Insfr\u00e1n encabez\u00f3 el acto de colaci\u00f3n de la primera promoci\u00f3n de la<\/p>\n","protected":false},"author":3,"featured_media":25000,"comment_status":"open","ping_status":"open","sticky":false,"template":"","format":"standard","meta":{"footnotes":""},"categories":[1],"tags":[],"class_list":["post-24999","post","type-post","status-publish","format-standard","has-post-thumbnail","hentry","category-noticias"],"_links":{"self":[{"href":"https:\/\/24formosa.com.ar\/index.php?rest_route=\/wp\/v2\/posts\/24999","targetHints":{"allow":["GET"]}}],"collection":[{"href":"https:\/\/24formosa.com.ar\/index.php?rest_route=\/wp\/v2\/posts"}],"about":[{"href":"https:\/\/24formosa.com.ar\/index.php?rest_route=\/wp\/v2\/types\/post"}],"author":[{"embeddable":true,"href":"https:\/\/24formosa.com.ar\/index.php?rest_route=\/wp\/v2\/users\/3"}],"replies":[{"embeddable":true,"href":"https:\/\/24formosa.com.ar\/index.php?rest_route=%2Fwp%2Fv2%2Fcomments&post=24999"}],"version-history":[{"count":1,"href":"https:\/\/24formosa.com.ar\/index.php?rest_route=\/wp\/v2\/posts\/24999\/revisions"}],"predecessor-version":[{"id":25001,"href":"https:\/\/24formosa.com.ar\/index.php?rest_route=\/wp\/v2\/posts\/24999\/revisions\/25001"}],"wp:featuredmedia":[{"embeddable":true,"href":"https:\/\/24formosa.com.ar\/index.php?rest_route=\/wp\/v2\/media\/25000"}],"wp:attachment":[{"href":"https:\/\/24formosa.com.ar\/index.php?rest_route=%2Fwp%2Fv2%2Fmedia&parent=24999"}],"wp:term":[{"taxonomy":"category","embeddable":true,"href":"https:\/\/24formosa.com.ar\/index.php?rest_route=%2Fwp%2Fv2%2Fcategories&post=24999"},{"taxonomy":"post_tag","embeddable":true,"href":"https:\/\/24formosa.com.ar\/index.php?rest_route=%2Fwp%2Fv2%2Ftags&post=24999"}],"curies":[{"name":"wp","href":"https:\/\/api.w.org\/{rel}","templated":true}]}}