{"id":24986,"date":"2019-12-18T10:58:53","date_gmt":"2019-12-18T13:58:53","guid":{"rendered":"https:\/\/24formosa.com.ar\/?p=24986"},"modified":"2019-12-18T10:58:54","modified_gmt":"2019-12-18T13:58:54","slug":"tarjeta-alimentaria-podria-implementarse-en-febrero-en-formosa","status":"publish","type":"post","link":"https:\/\/24formosa.com.ar\/?p=24986","title":{"rendered":"Tarjeta Alimentaria podr\u00eda implementarse en febrero en Formosa"},"content":{"rendered":"\n<p>\n\nTras participar de una reuni\u00f3n junto a sus pares de otras provincias con el titular de la cartera de Desarrollo Social de la Naci\u00f3n, Daniel Arroyo; el ministro de la Comunidad An\u00edbal G\u00f3mez anticip\u00f3 que la Tarjeta Alimentaria podr\u00eda implementarse en febrero en nuestra provincia.<\/p>\n\n\n\n<p>El funcionario explic\u00f3 que durante la reuni\u00f3n se delinearon las pol\u00edticas a trabajar durante estos cuatro a\u00f1os y consider\u00f3 que \u201cser\u00e1 una gesti\u00f3n abierta que permitir\u00e1 transmitir cuestiones particulares de las provincias y que en la anterior gesti\u00f3n no tuvimos esa oportunidad, porque ni siquiera ten\u00edamos reuniones, menos planificar acciones en conjunto\u201d.<\/p>\n\n\n\n<p>Al hablar del ministro Arroyo, dijo que tiene \u201cmuch\u00edsimos conocimientos t\u00e9cnicos, es s\u00f3lido, bien formado y tiene una fuerza de trabajo impresionante al igual que su equipo\u201d.<\/p>\n\n\n\n<p>G\u00f3mez dijo que sin dudas el tema fundamental de la reuni\u00f3n fue el programa Argentina contra el hambre que lanz\u00f3 el presidente Alberto Fern\u00e1ndez, y en ese marco la tarjeta alimentaria. \u201cUno de los motivos principales fue ver como se implementar\u00e1 en todo el pa\u00eds, ya estamos trabajando con los equipos en la provincia\u201d se\u00f1al\u00f3.<\/p>\n\n\n\n<p>Es un programa alimentario que depende del Ministerio de Desarrollo Social el cual se extiende a todo el pa\u00eds. Tiene el objetivo de entregar una tarjeta de d\u00e9bito poder garantizar la compra de alimentos de la canasta b\u00e1sica para la poblaci\u00f3n materna infantil y en especial para las mujeres embarazadas. Es un plan social de alimentos \u00fanicamente para poder comprar y no retira dinero del cajero.<\/p>\n\n\n\n<p>Est\u00e1 destinado a beneficiarios de la Asignaci\u00f3n Universal por Hijo pero en tres grupos: madres con hijos hasta seis a\u00f1os, embarazadas a partir del tercer mes, beneficiarios con hijos con discapacidad.<\/p>\n\n\n\n<p>En cuanto a su implementaci\u00f3n, dijo G\u00f3mez que \u201cYa existen los padrones de la Anses, entrecruzaremos datos para conocer el padr\u00f3n que hasta ahora no tenemos. Vamos a ver si hay superposici\u00f3n, obtener la informaci\u00f3n para ver c\u00f3mo se manejar\u00e1\u201d.<\/p>\n\n\n\n<p>\u201cSabemos que la tarjeta social recibir\u00e1 un monto mensual que habilita la compra de alimentos, no bebidas alcoh\u00f3licas, en comercios adheridos que tengan posnet. El monto que se les depositar\u00e1 ser\u00e1 de $4 y $ 6 mil\u201d anticip\u00f3.<\/p>\n\n\n\n<p>Aclar\u00f3 asimismo el ministro que \u201cNo hay que hacer ning\u00fan tipo de inscripci\u00f3n en la provincia, estos padrones de la AUH ya existen, lo \u00fanico que haremos es verificar y como segundo paso hay que hacer un convenio entre Naci\u00f3n y provincia para establecer obligaciones de ambas partes\u201d.<\/p>\n\n\n\n<p>Dijo que luego la provincia har\u00e1 convenio con el banco que emitir\u00e1 la tarjeta para que funcione en todo el territorio y con los comercios que estar\u00e1n adheridos a este nuevo beneficio.\n\n<\/p>\n","protected":false},"excerpt":{"rendered":"<p>Tras participar de una reuni\u00f3n junto a sus pares de otras provincias con el titular<\/p>\n","protected":false},"author":3,"featured_media":24987,"comment_status":"open","ping_status":"open","sticky":false,"template":"","format":"standard","meta":{"footnotes":""},"categories":[1],"tags":[],"class_list":["post-24986","post","type-post","status-publish","format-standard","has-post-thumbnail","hentry","category-noticias"],"_links":{"self":[{"href":"https:\/\/24formosa.com.ar\/index.php?rest_route=\/wp\/v2\/posts\/24986","targetHints":{"allow":["GET"]}}],"collection":[{"href":"https:\/\/24formosa.com.ar\/index.php?rest_route=\/wp\/v2\/posts"}],"about":[{"href":"https:\/\/24formosa.com.ar\/index.php?rest_route=\/wp\/v2\/types\/post"}],"author":[{"embeddable":true,"href":"https:\/\/24formosa.com.ar\/index.php?rest_route=\/wp\/v2\/users\/3"}],"replies":[{"embeddable":true,"href":"https:\/\/24formosa.com.ar\/index.php?rest_route=%2Fwp%2Fv2%2Fcomments&post=24986"}],"version-history":[{"count":1,"href":"https:\/\/24formosa.com.ar\/index.php?rest_route=\/wp\/v2\/posts\/24986\/revisions"}],"predecessor-version":[{"id":24988,"href":"https:\/\/24formosa.com.ar\/index.php?rest_route=\/wp\/v2\/posts\/24986\/revisions\/24988"}],"wp:featuredmedia":[{"embeddable":true,"href":"https:\/\/24formosa.com.ar\/index.php?rest_route=\/wp\/v2\/media\/24987"}],"wp:attachment":[{"href":"https:\/\/24formosa.com.ar\/index.php?rest_route=%2Fwp%2Fv2%2Fmedia&parent=24986"}],"wp:term":[{"taxonomy":"category","embeddable":true,"href":"https:\/\/24formosa.com.ar\/index.php?rest_route=%2Fwp%2Fv2%2Fcategories&post=24986"},{"taxonomy":"post_tag","embeddable":true,"href":"https:\/\/24formosa.com.ar\/index.php?rest_route=%2Fwp%2Fv2%2Ftags&post=24986"}],"curies":[{"name":"wp","href":"https:\/\/api.w.org\/{rel}","templated":true}]}}