{"id":24983,"date":"2019-12-18T10:54:47","date_gmt":"2019-12-18T13:54:47","guid":{"rendered":"https:\/\/24formosa.com.ar\/?p=24983"},"modified":"2019-12-18T10:54:47","modified_gmt":"2019-12-18T13:54:47","slug":"insfran-participo-de-la-reunion-de-gobernadores-con-el-presidente-fernandez","status":"publish","type":"post","link":"https:\/\/24formosa.com.ar\/?p=24983","title":{"rendered":"Insfr\u00e1n particip\u00f3 de la reuni\u00f3n de gobernadores con el presidente Fern\u00e1ndez"},"content":{"rendered":"\n<p>\n\nEl presidente Alberto Fern\u00e1ndez recibi\u00f3 en el Sal\u00f3n Blanco de la Casa Rosada a los gobernadores y al jefe de Gobierno porte\u00f1o, Horacio Rodr\u00edguez Larreta, para tratar la suspensi\u00f3n del Pacto Fiscal Vigente, rubricado durante la administraci\u00f3n anterior en noviembre de 2017.<br>El gobernador de Formosa, Gildo Insfr\u00e1n particip\u00f3 de la reuni\u00f3n.<br>El objetivo de dicha firma es fortalecer las autonom\u00edas provinciales a trav\u00e9s de la modificaci\u00f3n de los compromisos asumidos entre el Estado nacional y las jurisdicciones.<br>De la audiencia, que se realiz\u00f3 en el Sal\u00f3n Eva Per\u00f3n, participaron tambi\u00e9n el ministro del Interior, Eduardo De Pedro, el jefe de Gabinete, Santiago Cafiero, y el presidente de la C\u00e1mara de Diputados, Sergio Massa.<\/p>\n\n\n\n<p>Entre los gobernadores presentes, estuvieron: Axel Kicillof, de Buenos Aires; Ra\u00fal Jalil, de Catamarca; Jorge Capitanich, de Chaco; Mariano Arcioni, de Chubut; Juan Schiaretti, de C\u00f3rdoba; Gustavo Vald\u00e9s, de Corrientes; Gustavo Bordet, de Entre R\u00edos; Gildo Insfr\u00e1n, de Formosa; Gerardo Morales, de Jujuy; Sergio Ziliotto, de La Pampa; Ricardo Quintela, de La Rioja; Rodolfo Su\u00e1rez, de Mendoza; Oscar Herrera Ahuad, de Misiones; Omar Guti\u00e9rrez, de Neuqu\u00e9n; Arabela Carreras, de Rio Negro; Gustavo S\u00e1enz, de Salta; Sergio U\u00f1ac, de San Juan; Alberto Rodr\u00edguez Sa\u00e1, de San Luis; Alicia Kirchner, de Santa Cruz; Omar Perotti, de Santa Fe; Gerardo Zamora, de Santiago del Estero; y Juan Manzur, de Tucum\u00e1n.<br>El \u00fanico mandatario provincial ausente fue el gobernador de Tierra del Fuego, Gustavo Melella, quien asume este martes su cargo.<\/p>\n\n\n\n<p>\u201cSuspensi\u00f3n de los juicios iniciados por las provincias respecto de la baja del impuesto a las ganancias y del IVA respecto de los alimentos de la canasta b\u00e1sica; decidimos por el t\u00e9rmino de un a\u00f1o la creaci\u00f3n de una comisi\u00f3n para rediscutir el impacto que esto va a tener en las provincias y c\u00f3mo podemos obtener esa devoluci\u00f3n\u201d, dijo el gobernador sanjuanino U\u00f1ac en conferencia de prensa. Y agreg\u00f3: \u201cNos quedamos con las al\u00edcuotas del 2019\u201d<\/p>\n\n\n\n<p>Por su parte, el juje\u00f1o Morales manifest\u00f3 que \u201cel cronograma de baja de impuestos va a permitir mayor recaudaci\u00f3n\u201d.\n\n<\/p>\n","protected":false},"excerpt":{"rendered":"<p>El presidente Alberto Fern\u00e1ndez recibi\u00f3 en el Sal\u00f3n Blanco de la Casa Rosada a los<\/p>\n","protected":false},"author":3,"featured_media":24984,"comment_status":"open","ping_status":"open","sticky":false,"template":"","format":"standard","meta":{"footnotes":""},"categories":[1],"tags":[],"class_list":["post-24983","post","type-post","status-publish","format-standard","has-post-thumbnail","hentry","category-noticias"],"_links":{"self":[{"href":"https:\/\/24formosa.com.ar\/index.php?rest_route=\/wp\/v2\/posts\/24983","targetHints":{"allow":["GET"]}}],"collection":[{"href":"https:\/\/24formosa.com.ar\/index.php?rest_route=\/wp\/v2\/posts"}],"about":[{"href":"https:\/\/24formosa.com.ar\/index.php?rest_route=\/wp\/v2\/types\/post"}],"author":[{"embeddable":true,"href":"https:\/\/24formosa.com.ar\/index.php?rest_route=\/wp\/v2\/users\/3"}],"replies":[{"embeddable":true,"href":"https:\/\/24formosa.com.ar\/index.php?rest_route=%2Fwp%2Fv2%2Fcomments&post=24983"}],"version-history":[{"count":1,"href":"https:\/\/24formosa.com.ar\/index.php?rest_route=\/wp\/v2\/posts\/24983\/revisions"}],"predecessor-version":[{"id":24985,"href":"https:\/\/24formosa.com.ar\/index.php?rest_route=\/wp\/v2\/posts\/24983\/revisions\/24985"}],"wp:featuredmedia":[{"embeddable":true,"href":"https:\/\/24formosa.com.ar\/index.php?rest_route=\/wp\/v2\/media\/24984"}],"wp:attachment":[{"href":"https:\/\/24formosa.com.ar\/index.php?rest_route=%2Fwp%2Fv2%2Fmedia&parent=24983"}],"wp:term":[{"taxonomy":"category","embeddable":true,"href":"https:\/\/24formosa.com.ar\/index.php?rest_route=%2Fwp%2Fv2%2Fcategories&post=24983"},{"taxonomy":"post_tag","embeddable":true,"href":"https:\/\/24formosa.com.ar\/index.php?rest_route=%2Fwp%2Fv2%2Ftags&post=24983"}],"curies":[{"name":"wp","href":"https:\/\/api.w.org\/{rel}","templated":true}]}}