{"id":24979,"date":"2019-12-14T13:00:00","date_gmt":"2019-12-14T16:00:00","guid":{"rendered":"https:\/\/24formosa.com.ar\/?p=24979"},"modified":"2019-12-14T13:04:21","modified_gmt":"2019-12-14T16:04:21","slug":"magistrada-formosena-obtuvo-importante-cargo-en-la-fam","status":"publish","type":"post","link":"https:\/\/24formosa.com.ar\/?p=24979","title":{"rendered":"Magistrada formose\u00f1a obtuvo importante cargo en la FAM"},"content":{"rendered":"\n<p> La Federaci\u00f3n Argentina de la Magistratura y la Funci\u00f3n Judicial (FAM)  se fund\u00f3 el 15 de septiembre de 1966 en la Ciudad de San Nicol\u00e1s de los Arroyos, nuclea a Magistrados de todo el pa\u00eds. <\/p>\n\n\n\n<p> Durante su 113\u00b0 Asamblea Ordinaria, que se realiz\u00f3 el pasado jueves 5 de diciembre, en Buenos Aires, la Presidenta del Colegio de Magistrados y Funcionarios Judiciales de Formosa, Doctora Mar\u00eda Laura Viviana Taboada, fue elegida encargada de la Secretar\u00eda de Pol\u00edticas Judiciales por unanimidad de los votos de los representantes de las 24 provincias que componen dicho nucleamiento.<\/p>\n\n\n\n<p>Al respecto, la Doctora Viviana Taboada expres\u00f3 su enorme \u201cbenepl\u00e1cito\u201d al haber sido ungida por sus colegas como encargada de la Secretar\u00eda de Pol\u00edticas Judiciales de la Federaci\u00f3n Argentina de la Magistratura.<\/p>\n\n\n\n<p>Dijo en este sentido \u201cque es un verdadero honor\u201d formar parte de la Mesa Directiva de la Federaci\u00f3n, \u201crepresentando con mucho amor a Formosa, y a todas las provincias de la Rep\u00fablica Argentina\u201d.<\/p>\n\n\n\n<p>\u201cAsumo la responsabilidad, como siempre lo he hecho; con mucho compromiso y que se cumplan las expectativas de todos los integrantes de las Provincias Argentinas, como tambi\u00e9n de los Magistrados, Magistradas, Funcionarios y Funcionarias Judiciales que forman parte de la FAM\u201d.<\/p>\n\n\n\n<p>Seguidamente, la Doctora Taboada, explic\u00f3 que la Federaci\u00f3n Argentina de la Magistratura, cuenta con una nueva Comisi\u00f3n Directiva, con representantes de todo el pa\u00eds, y por primera vez es de valorar la igualdad de g\u00e9nero alcanzada, lo que da mucha alegr\u00eda a todas las mujeres.<\/p>\n\n\n\n<p>Cabe destacar que, en el mismo acto, y en el tercer punto del Plan de Labor, los Magistrados y Magistradas presentes ratificaron en la Presidencia de la Junta de Gobierno al Dr. Ariel Ariza para el per\u00edodo 2020-2021.<\/p>\n\n\n\n<p>Adem\u00e1s, fueron electas vicepresidentas primera y segunda las Dras. Marcela Ruiz de Tucum\u00e1n y Gabriela L\u00f3pez Arango de Entre R\u00edos, respectivamente, destac\u00e1ndose la paridad de g\u00e9nero.<\/p>\n\n\n\n<p>En tanto, en la Secretar\u00eda de Relaciones Institucionales asumi\u00f3 Eduardo Barrionuevo de Salta; la Secretar\u00eda de Defensa de la Magistratura, Luz Masferrer de Corrientes, y el Instituto de Estudios Judiciales, Silvina Furloti de la provincia de Mendoza.<\/p>\n\n\n\n<p>Fuente: www.siempreformosa.com<\/p>\n\n\n\n<p><br><\/p>\n\n\n\n<p><\/p>\n","protected":false},"excerpt":{"rendered":"<p>La Federaci\u00f3n Argentina de la Magistratura y la Funci\u00f3n Judicial (FAM) se fund\u00f3 el 15<\/p>\n","protected":false},"author":3,"featured_media":24980,"comment_status":"open","ping_status":"open","sticky":false,"template":"","format":"standard","meta":{"footnotes":""},"categories":[1],"tags":[],"class_list":["post-24979","post","type-post","status-publish","format-standard","has-post-thumbnail","hentry","category-noticias"],"_links":{"self":[{"href":"https:\/\/24formosa.com.ar\/index.php?rest_route=\/wp\/v2\/posts\/24979","targetHints":{"allow":["GET"]}}],"collection":[{"href":"https:\/\/24formosa.com.ar\/index.php?rest_route=\/wp\/v2\/posts"}],"about":[{"href":"https:\/\/24formosa.com.ar\/index.php?rest_route=\/wp\/v2\/types\/post"}],"author":[{"embeddable":true,"href":"https:\/\/24formosa.com.ar\/index.php?rest_route=\/wp\/v2\/users\/3"}],"replies":[{"embeddable":true,"href":"https:\/\/24formosa.com.ar\/index.php?rest_route=%2Fwp%2Fv2%2Fcomments&post=24979"}],"version-history":[{"count":2,"href":"https:\/\/24formosa.com.ar\/index.php?rest_route=\/wp\/v2\/posts\/24979\/revisions"}],"predecessor-version":[{"id":24982,"href":"https:\/\/24formosa.com.ar\/index.php?rest_route=\/wp\/v2\/posts\/24979\/revisions\/24982"}],"wp:featuredmedia":[{"embeddable":true,"href":"https:\/\/24formosa.com.ar\/index.php?rest_route=\/wp\/v2\/media\/24980"}],"wp:attachment":[{"href":"https:\/\/24formosa.com.ar\/index.php?rest_route=%2Fwp%2Fv2%2Fmedia&parent=24979"}],"wp:term":[{"taxonomy":"category","embeddable":true,"href":"https:\/\/24formosa.com.ar\/index.php?rest_route=%2Fwp%2Fv2%2Fcategories&post=24979"},{"taxonomy":"post_tag","embeddable":true,"href":"https:\/\/24formosa.com.ar\/index.php?rest_route=%2Fwp%2Fv2%2Ftags&post=24979"}],"curies":[{"name":"wp","href":"https:\/\/api.w.org\/{rel}","templated":true}]}}