{"id":24968,"date":"2019-12-11T23:01:11","date_gmt":"2019-12-12T02:01:11","guid":{"rendered":"https:\/\/24formosa.com.ar\/?p=24968"},"modified":"2019-12-11T23:01:11","modified_gmt":"2019-12-12T02:01:11","slug":"insfran-inicio-un-nuevo-periodo-de-gobierno-al-frente-del-poder-ejecutivo-provincial","status":"publish","type":"post","link":"https:\/\/24formosa.com.ar\/?p=24968","title":{"rendered":"Insfr\u00e1n inici\u00f3 un nuevo per\u00edodo de gobierno al frente del Poder Ejecutivo provincial"},"content":{"rendered":"\n<p>\n\nEl gobernador y vicegobernador electos de la provincia, Gildo Insfr\u00e1n y Eber Wilson Sol\u00eds, prestaron juramento en una sesi\u00f3n especial de la Legislatura.<\/p>\n\n\n\n<p>De esta manera, se inicia el mandato constitucional que se extender\u00e1 hasta el a\u00f1o 2023, conforme lo estipula el art\u00edculo 137 de la Constituci\u00f3n Provincial.<\/p>\n\n\n\n<p>En el interior de la Legislatura, ambos funcionarios fueron acompa\u00f1ados por su familia y en el exterior del recinto, militantes del Frente de la Victoria siguieron la transmisi\u00f3n de la sesi\u00f3n a trav\u00e9s de una pantalla gigante.<\/p>\n\n\n\n<p>Asistieron adem\u00e1s funcionarios de los distintos poderes del Estado, legisladores nacionales, invitados especiales y representantes de fuerzas de seguridad con asiento en la provincia.<\/p>\n\n\n\n<p>En el inicio de la sesi\u00f3n presidida por el presidente de la C\u00e1mara, diputado Armando Felipe Cabrera, los mandatarios fueron recibidos por los diputados designados para integrar las comisiones de exterior e interior, y luego se entonaron las estrofas del Himno Nacional Argentino y Marcha a Formosa.<\/p>\n\n\n\n<p>En primer t\u00e9rmino jur\u00f3 el vice gobernador Sol\u00eds y luego el gobernador Gildo Insfr\u00e1n. Ambos funcionarios juraron por Dios, la Patria, los Santos Evangelios, el pueblo de Formosa y su honor.<\/p>\n\n\n\n<p>Concluido el juramento, el presidente invit\u00f3 a arriar la bandera y se dio por concluida la sesi\u00f3n especial.<\/p>\n\n\n\n<p><strong>Asumieron ministros<\/strong><br>Luego,&nbsp; el primer mandatario se traslad\u00f3 hasta el sal\u00f3n de exposiciones del Galp\u00f3n \u201cG\u201d en el predio Ferial Vuelta Fermosa donde encabez\u00f3 la toma de juramento y puesta en funciones de los ministros del Poder Ejecutivo.<\/p>\n\n\n\n<p>En primer t\u00e9rmino el escribano mayor de Gobierno Hector Gallardo dio lectura del acta por el cual&nbsp; asumieron Gildo Insfr\u00e1n y Eber Sol\u00eds un nuevo periodo constitucional al frente del Poder Ejecutivo en virtud de haber sido electos en los comicios celebrados el 16 de Junio, luego de haber prestado juramento de Ley ante la Legislatura, tras lo cual ambos funcionarios firmaron el documento.<\/p>\n\n\n\n<p>Acto seguido, Insfr\u00e1n tom\u00f3 juramento de ley a los funcionarios de conducci\u00f3n superior de su gabinete, resultando ratificadas las mismas personas que lo acompa\u00f1aron hasta el momento.<\/p>\n\n\n\n<p>En ese sentido, fue designado Jefe de Gabinete Provincial Antonio Em\u00e9rito Ferreira, Ministro de Gobierno, Justicia, Seguridad y Trabajo Jorge Abel Gonz\u00e1lez, Ministro de la Producci\u00f3n y Ambiente, Ra\u00fal Omar Quintana, Ministro de Desarrollo Humano Jos\u00e9 Luis D\u00e9cima, Ministro de Econom\u00eda, Hacienda y Finanzas Jorge Oscar Ib\u00e1\u00f1ez.<\/p>\n\n\n\n<p>&nbsp;Jur\u00f3 como Ministro de Cultura y Educaci\u00f3n: Alberto Marcelo Zorrilla; Ministra Secretaria General Mar\u00eda Cecilia Guardia Mendonca, Ministro de Planificaci\u00f3n, Inversi\u00f3n, Obras y Servicios P\u00fablicos Daniel Marcos Malich,<\/p>\n\n\n\n<p>Ministro de la Comunidad: An\u00edbal Francisco G\u00f3mez. Seguidamente procedi\u00f3 a tomar juramento de ley a la Secretaria Legal y T\u00e9cnica, Grissel Mabel Insfr\u00e1n, Secretario de Ciencia y Tecnolog\u00eda: Julio Ren\u00e9 Araoz y Secretaria de la Mujer Ang\u00e9lica Miguela Garc\u00eda.\n\n<\/p>\n","protected":false},"excerpt":{"rendered":"<p>El gobernador y vicegobernador electos de la provincia, Gildo Insfr\u00e1n y Eber Wilson Sol\u00eds, prestaron<\/p>\n","protected":false},"author":3,"featured_media":24969,"comment_status":"open","ping_status":"open","sticky":false,"template":"","format":"standard","meta":{"footnotes":""},"categories":[1],"tags":[],"class_list":["post-24968","post","type-post","status-publish","format-standard","has-post-thumbnail","hentry","category-noticias"],"_links":{"self":[{"href":"https:\/\/24formosa.com.ar\/index.php?rest_route=\/wp\/v2\/posts\/24968","targetHints":{"allow":["GET"]}}],"collection":[{"href":"https:\/\/24formosa.com.ar\/index.php?rest_route=\/wp\/v2\/posts"}],"about":[{"href":"https:\/\/24formosa.com.ar\/index.php?rest_route=\/wp\/v2\/types\/post"}],"author":[{"embeddable":true,"href":"https:\/\/24formosa.com.ar\/index.php?rest_route=\/wp\/v2\/users\/3"}],"replies":[{"embeddable":true,"href":"https:\/\/24formosa.com.ar\/index.php?rest_route=%2Fwp%2Fv2%2Fcomments&post=24968"}],"version-history":[{"count":1,"href":"https:\/\/24formosa.com.ar\/index.php?rest_route=\/wp\/v2\/posts\/24968\/revisions"}],"predecessor-version":[{"id":24970,"href":"https:\/\/24formosa.com.ar\/index.php?rest_route=\/wp\/v2\/posts\/24968\/revisions\/24970"}],"wp:featuredmedia":[{"embeddable":true,"href":"https:\/\/24formosa.com.ar\/index.php?rest_route=\/wp\/v2\/media\/24969"}],"wp:attachment":[{"href":"https:\/\/24formosa.com.ar\/index.php?rest_route=%2Fwp%2Fv2%2Fmedia&parent=24968"}],"wp:term":[{"taxonomy":"category","embeddable":true,"href":"https:\/\/24formosa.com.ar\/index.php?rest_route=%2Fwp%2Fv2%2Fcategories&post=24968"},{"taxonomy":"post_tag","embeddable":true,"href":"https:\/\/24formosa.com.ar\/index.php?rest_route=%2Fwp%2Fv2%2Ftags&post=24968"}],"curies":[{"name":"wp","href":"https:\/\/api.w.org\/{rel}","templated":true}]}}