{"id":24965,"date":"2019-12-11T22:58:39","date_gmt":"2019-12-12T01:58:39","guid":{"rendered":"https:\/\/24formosa.com.ar\/?p=24965"},"modified":"2019-12-11T22:58:40","modified_gmt":"2019-12-12T01:58:40","slug":"la-formula-insfran-solis-presto-juramento-en-la-legislatura-provincial","status":"publish","type":"post","link":"https:\/\/24formosa.com.ar\/?p=24965","title":{"rendered":"La f\u00f3rmula Insfr\u00e1n- Sol\u00eds prest\u00f3 juramento en la Legislatura provincial"},"content":{"rendered":"\n<p>\n\nEl gobernador y vicegobernador electos de la provincia, Gildo Insfr\u00e1n y Eber Wilson Sol\u00eds, prestaron juramento en una sesi\u00f3n especial de la Legislatura.<\/p>\n\n\n\n<p>De esta manera, se inicia el mandato constitucional que se extender\u00e1 hasta el a\u00f1o 2023, conforme lo estipula el art\u00edculo 137 de la Constituci\u00f3n Provincial.<\/p>\n\n\n\n<p>En el interior de la Legislatura, ambos funcionarios fueron acompa\u00f1ados por su familia y en el exterior del recinto, militantes del Frente de la Victoria siguieron la transmisi\u00f3n de la sesi\u00f3n a trav\u00e9s de una pantalla gigante.<\/p>\n\n\n\n<p>Asistieron adem\u00e1s funcionarios de los distintos poderes del Estado, legisladores nacionales, invitados especiales y representantes de fuerzas de seguridad con asiento en la provincia.<\/p>\n\n\n\n<p>En el inicio de la sesi\u00f3n presidida por el presidente de la C\u00e1mara, diputado Armando Felipe Cabrera, los mandatarios fueron recibidos por los diputados designados para integrar las comisiones de exterior e interior, y luego se entonaron las estrofas del Himno Nacional Argentino y Marcha a Formosa.<\/p>\n\n\n\n<p>En primer t\u00e9rmino jur\u00f3 el vice gobernador Sol\u00eds y luego el gobernador Gildo Insfr\u00e1n. Ambos funcionarios juraron por Dios, la Patria, los Santos Evangelios, el pueblo de Formosa y su honor.<\/p>\n\n\n\n<p>Concluido el juramento, el presidente invit\u00f3 a arriar la bandera y se dio por concluida la sesi\u00f3n especial.<br><\/p>\n","protected":false},"excerpt":{"rendered":"<p>El gobernador y vicegobernador electos de la provincia, Gildo Insfr\u00e1n y Eber Wilson Sol\u00eds, prestaron<\/p>\n","protected":false},"author":3,"featured_media":24966,"comment_status":"open","ping_status":"open","sticky":false,"template":"","format":"standard","meta":{"footnotes":""},"categories":[1],"tags":[],"class_list":["post-24965","post","type-post","status-publish","format-standard","has-post-thumbnail","hentry","category-noticias"],"_links":{"self":[{"href":"https:\/\/24formosa.com.ar\/index.php?rest_route=\/wp\/v2\/posts\/24965","targetHints":{"allow":["GET"]}}],"collection":[{"href":"https:\/\/24formosa.com.ar\/index.php?rest_route=\/wp\/v2\/posts"}],"about":[{"href":"https:\/\/24formosa.com.ar\/index.php?rest_route=\/wp\/v2\/types\/post"}],"author":[{"embeddable":true,"href":"https:\/\/24formosa.com.ar\/index.php?rest_route=\/wp\/v2\/users\/3"}],"replies":[{"embeddable":true,"href":"https:\/\/24formosa.com.ar\/index.php?rest_route=%2Fwp%2Fv2%2Fcomments&post=24965"}],"version-history":[{"count":1,"href":"https:\/\/24formosa.com.ar\/index.php?rest_route=\/wp\/v2\/posts\/24965\/revisions"}],"predecessor-version":[{"id":24967,"href":"https:\/\/24formosa.com.ar\/index.php?rest_route=\/wp\/v2\/posts\/24965\/revisions\/24967"}],"wp:featuredmedia":[{"embeddable":true,"href":"https:\/\/24formosa.com.ar\/index.php?rest_route=\/wp\/v2\/media\/24966"}],"wp:attachment":[{"href":"https:\/\/24formosa.com.ar\/index.php?rest_route=%2Fwp%2Fv2%2Fmedia&parent=24965"}],"wp:term":[{"taxonomy":"category","embeddable":true,"href":"https:\/\/24formosa.com.ar\/index.php?rest_route=%2Fwp%2Fv2%2Fcategories&post=24965"},{"taxonomy":"post_tag","embeddable":true,"href":"https:\/\/24formosa.com.ar\/index.php?rest_route=%2Fwp%2Fv2%2Ftags&post=24965"}],"curies":[{"name":"wp","href":"https:\/\/api.w.org\/{rel}","templated":true}]}}