{"id":24962,"date":"2019-12-11T22:54:49","date_gmt":"2019-12-12T01:54:49","guid":{"rendered":"https:\/\/24formosa.com.ar\/?p=24962"},"modified":"2019-12-11T22:54:50","modified_gmt":"2019-12-12T01:54:50","slug":"el-concejo-deliberante-renovo-su-banca","status":"publish","type":"post","link":"https:\/\/24formosa.com.ar\/?p=24962","title":{"rendered":"El Concejo Deliberante renov\u00f3 su banca"},"content":{"rendered":"\n<p>\n\nEn la ma\u00f1ana de este mi\u00e9rcoles, el Concejo Deliberante capitalino renov\u00f3 la mitad de su bancada. Los seis ediles electos juraron antes de tomar posesi\u00f3n de sus cargos y en \u00faltima instancia del protocolo parlamentario, eligieron las nuevas autoridades del Cuerpo: Dar\u00edo Di Martino fue ungido como presidente por unanimidad; Hugo \u201cCacho\u201d Garc\u00eda vice primero y Celeste Ru\u00edz D\u00edaz vice segundo.<\/p>\n\n\n\n<p>En tanto, la concejala Gabriela Neme fue la \u00fanica que se abstuvo a votar y cedi\u00f3 as\u00ed al oficialismo el segundo lugar que buscaba ocupar la oposici\u00f3n.<\/p>\n\n\n\n<p>Reasumieron en sus bancas Hugo Orlando Garc\u00eda y Dar\u00edo Di Martino. Adem\u00e1s, ingresaron los ediles justicialistas Yanina Estigarribia y Elena Garc\u00eda, mientras que por el Frente Amplio lo hicieron Gerardo Pi\u00f1eiro y Walter Caballero.<br><\/p>\n","protected":false},"excerpt":{"rendered":"<p>En la ma\u00f1ana de este mi\u00e9rcoles, el Concejo Deliberante capitalino renov\u00f3 la mitad de su<\/p>\n","protected":false},"author":3,"featured_media":24963,"comment_status":"open","ping_status":"open","sticky":false,"template":"","format":"standard","meta":{"footnotes":""},"categories":[1],"tags":[],"class_list":["post-24962","post","type-post","status-publish","format-standard","has-post-thumbnail","hentry","category-noticias"],"_links":{"self":[{"href":"https:\/\/24formosa.com.ar\/index.php?rest_route=\/wp\/v2\/posts\/24962","targetHints":{"allow":["GET"]}}],"collection":[{"href":"https:\/\/24formosa.com.ar\/index.php?rest_route=\/wp\/v2\/posts"}],"about":[{"href":"https:\/\/24formosa.com.ar\/index.php?rest_route=\/wp\/v2\/types\/post"}],"author":[{"embeddable":true,"href":"https:\/\/24formosa.com.ar\/index.php?rest_route=\/wp\/v2\/users\/3"}],"replies":[{"embeddable":true,"href":"https:\/\/24formosa.com.ar\/index.php?rest_route=%2Fwp%2Fv2%2Fcomments&post=24962"}],"version-history":[{"count":1,"href":"https:\/\/24formosa.com.ar\/index.php?rest_route=\/wp\/v2\/posts\/24962\/revisions"}],"predecessor-version":[{"id":24964,"href":"https:\/\/24formosa.com.ar\/index.php?rest_route=\/wp\/v2\/posts\/24962\/revisions\/24964"}],"wp:featuredmedia":[{"embeddable":true,"href":"https:\/\/24formosa.com.ar\/index.php?rest_route=\/wp\/v2\/media\/24963"}],"wp:attachment":[{"href":"https:\/\/24formosa.com.ar\/index.php?rest_route=%2Fwp%2Fv2%2Fmedia&parent=24962"}],"wp:term":[{"taxonomy":"category","embeddable":true,"href":"https:\/\/24formosa.com.ar\/index.php?rest_route=%2Fwp%2Fv2%2Fcategories&post=24962"},{"taxonomy":"post_tag","embeddable":true,"href":"https:\/\/24formosa.com.ar\/index.php?rest_route=%2Fwp%2Fv2%2Ftags&post=24962"}],"curies":[{"name":"wp","href":"https:\/\/api.w.org\/{rel}","templated":true}]}}