{"id":24955,"date":"2019-12-09T12:59:53","date_gmt":"2019-12-09T15:59:53","guid":{"rendered":"https:\/\/24formosa.com.ar\/?p=24955"},"modified":"2019-12-09T12:59:54","modified_gmt":"2019-12-09T15:59:54","slug":"proyecto-medea-de-formosa-a-la-fiesta-nacional-del-teatro","status":"publish","type":"post","link":"https:\/\/24formosa.com.ar\/?p=24955","title":{"rendered":"\u201cProyecto Medea\u201d: de Formosa a la Fiesta Nacional del Teatro"},"content":{"rendered":"\n<p>La obra \u201cProyecto Medea\u201d del grupo \u201cLos Gregorianos\u201d representar\u00e1 a la Provincia de Formosa en la 35\u00aa Fiesta Nacional del Teatro, tras resultar ganadora en la instancia selectiva provincial. El segundo y tercer lugar fueron ocupados por \u201cPostales argentinas\u201d de Compa\u00f1\u00eda \u201cEsquimal Teatro\u201d y \u201cLa isla desierta\u201d del grupo \u201cEnigma\u201d, ambos elencos de origen capitalino. Las tres piezas seleccionadas participar\u00e1n adem\u00e1s del Encuentro Regional del Teatro NEA 2020.<\/p>\n\n\n\n<p>El jurado compuesto por C\u00e9sar Romero (Tucum\u00e1n), Luc\u00eda Veliz (Misiones) y Marcelo Padel\u00edn (Chaco)  eligi\u00f3 adem\u00e1s como primer espect\u00e1culo suplente a \u201cLas hijas idiotas\u201d del grupo \u201cIm\u00e0genes\u201d (Misi\u00f3n Laish\u00ed) y como segunda obra suplente a \u201cLa Celestina\u201d de \u201cArte-Facto\u201d, el elenco con mayor presencia en las Fiestas Provinciales de Teatro.<\/p>\n\n\n\n<p>En cuanto a las menciones est\u00edmulo a la actividad teatral formose\u00f1a, se destaca el Taller Universitario de Teatro por el recupero de la memoria hist\u00f3rica y la puesta en valor de los derechos universitarios y los m\u00e1rtires de Margarita Bel\u00e9n. Tambi\u00e9n recibieron el reconocimiento por la labor actoral: Diego Vera y Silvia Gabazza por sus desempe\u00f1os en \u201cPostales argentinas\u201d y \u201cProyecto Medea\u201d respectivamente.<\/p>\n\n\n\n<p>El acto de premiaci\u00f3n tuvo lugar a primera hora del lunes en el Club Social, luego de la \u00faltima funci\u00f3n a cargo del espect\u00e1culo \u201cSoledades de ciudades\u201d que se present\u00f3 en car\u00e1cter de invitado, proveniente de Asunci\u00f3n del Paraguay.<\/p>\n\n\n\n<p>La ceremonia fue presidida por la representante provincial del INT, Graciela Galeano, quien estuvo acompa\u00f1ada por el flamante representante regional NEA y representante provincial INT Corrientes, Jorge Frete, el director municipal de Cultura, Javier Ram\u00edrez y los jurados C\u00e9sar Romero y Marcelo Padel\u00edn. Los tres \u00faltimos recibieron sendos reconocimientos, al igual que el Grupo \u201cF\u00e9nix\u201d de Clorinda, Grupo \u201cIm\u00e1genes\u201d de Misi\u00f3n Laish\u00ed y la docente teatral Mar\u00eda Andrea Pereyra por la labor formativa teatral con ni\u00f1os y adolescentes. Tambi\u00e9n fueron merecedores de otras distinciones:  los periodistas  Roc\u00edo Ch\u00e1vez, Daniel G\u00f3mez y Alejandro Vallejo por el aporte a la difusi\u00f3n del arte teatral, as\u00ed como Luc\u00eda V\u00e9liz en su car\u00e1cter de jurado, Diego G\u00f3mez por su militancia cultural en el interior misionero y la asistente administrativa de la Representaci\u00f3n Provincial del INT, Johana Fern\u00e1ndez por su permanente acompa\u00f1amiento a los elencos locales.<\/p>\n\n\n\n<p>A modo de balance, Galeano se mostr\u00f3 sumamente contenta por la calidad est\u00e9tica y variedad tem\u00e1tica de las propuestas, como as\u00ed tambi\u00e9n por el acompa\u00f1amiento del p\u00fablico que concurri\u00f3 a todas las funciones.<\/p>\n\n\n\n<p>La Representante Provincial del INT agradeci\u00f3 el apoyo de la Municipalidad de Formosa que particip\u00f3 de la organizaci\u00f3n en co-gesti\u00f3n con el Instituto Nacional del Teatro, as\u00ed como la colaboraci\u00f3n del Instituto de Comunidades Abor\u00edgenes, la Escuela N\u00ba 3, la  EPES N\u00ba54 \u201cGobernador Juan Jos\u00e9 Silva\u201d y la Biblioteca Popular \u201cSantiago Renevot\u201d<\/p>\n\n\n\n<p>Tambi\u00e9n destac\u00f3 y agradeci\u00f3 la tarea desplegada por el equipo t\u00e9cnico y el staff de organizaci\u00f3n, adem\u00e1s de valorar la ardua labor del jurado y el alto inter\u00e9s que despertaron las capacitaciones a cargo de Mar\u00eda Andrea Pereyra y Maru Guiot.<\/p>\n\n\n\n<p>Finalmente, tuvo palabras de elogio hacia todos los elencos formose\u00f1os participantes, adem\u00e1s de celebrar  \u201clas treinta ediciones, que hemos transitado a lo largo de los a\u00f1os con gran orgullo y profunda pasi\u00f3n\u201d<\/p>\n\n\n\n<p>\u201cLa Fiesta fue un verdadero \u00e9xito y eso nos alienta a seguir trabajando con m\u00e1s fuerza, entusiasmo y compromiso para los desaf\u00edos que se vienen\u201d, cerr\u00f3 Graciela Galeano.<\/p>\n","protected":false},"excerpt":{"rendered":"<p>La obra \u201cProyecto Medea\u201d del grupo \u201cLos Gregorianos\u201d representar\u00e1 a la Provincia de Formosa en<\/p>\n","protected":false},"author":3,"featured_media":24956,"comment_status":"open","ping_status":"open","sticky":false,"template":"","format":"standard","meta":{"footnotes":""},"categories":[1],"tags":[],"class_list":["post-24955","post","type-post","status-publish","format-standard","has-post-thumbnail","hentry","category-noticias"],"_links":{"self":[{"href":"https:\/\/24formosa.com.ar\/index.php?rest_route=\/wp\/v2\/posts\/24955","targetHints":{"allow":["GET"]}}],"collection":[{"href":"https:\/\/24formosa.com.ar\/index.php?rest_route=\/wp\/v2\/posts"}],"about":[{"href":"https:\/\/24formosa.com.ar\/index.php?rest_route=\/wp\/v2\/types\/post"}],"author":[{"embeddable":true,"href":"https:\/\/24formosa.com.ar\/index.php?rest_route=\/wp\/v2\/users\/3"}],"replies":[{"embeddable":true,"href":"https:\/\/24formosa.com.ar\/index.php?rest_route=%2Fwp%2Fv2%2Fcomments&post=24955"}],"version-history":[{"count":1,"href":"https:\/\/24formosa.com.ar\/index.php?rest_route=\/wp\/v2\/posts\/24955\/revisions"}],"predecessor-version":[{"id":24957,"href":"https:\/\/24formosa.com.ar\/index.php?rest_route=\/wp\/v2\/posts\/24955\/revisions\/24957"}],"wp:featuredmedia":[{"embeddable":true,"href":"https:\/\/24formosa.com.ar\/index.php?rest_route=\/wp\/v2\/media\/24956"}],"wp:attachment":[{"href":"https:\/\/24formosa.com.ar\/index.php?rest_route=%2Fwp%2Fv2%2Fmedia&parent=24955"}],"wp:term":[{"taxonomy":"category","embeddable":true,"href":"https:\/\/24formosa.com.ar\/index.php?rest_route=%2Fwp%2Fv2%2Fcategories&post=24955"},{"taxonomy":"post_tag","embeddable":true,"href":"https:\/\/24formosa.com.ar\/index.php?rest_route=%2Fwp%2Fv2%2Ftags&post=24955"}],"curies":[{"name":"wp","href":"https:\/\/api.w.org\/{rel}","templated":true}]}}