{"id":24949,"date":"2019-12-07T16:49:10","date_gmt":"2019-12-07T19:49:10","guid":{"rendered":"https:\/\/24formosa.com.ar\/?p=24949"},"modified":"2019-12-07T16:49:11","modified_gmt":"2019-12-07T19:49:11","slug":"segunda-jornada-de-una-fiesta-que-lleva-treinta-ediciones","status":"publish","type":"post","link":"https:\/\/24formosa.com.ar\/?p=24949","title":{"rendered":"Segunda jornada de una fiesta que lleva treinta ediciones"},"content":{"rendered":"\n<p>La trig\u00e9sima edici\u00f3n de la Fiesta Provincial del Teatro, organizada por el Instituto Nacional del Teatro en co-gesti\u00f3n con la Comuna capitalina, transitar\u00e1 hoy (s\u00e1bado 7) su segunda jornada, con la presentaci\u00f3n de las obras \u201cLa isla desierta\u201d, \u201cLa revoluci\u00f3n de las almas libres\u201d, \u00bfQu\u00e9 aconteci\u00f3 con la ni\u00f1a Juanita? y \u201cProyecto Medea\u201d.<\/p>\n\n\n\n<p>La primera a funci\u00f3n estar\u00e1 a cargo del novel grupo \u201cEnigma\u201d de Formosa, que pondr\u00e1 en escena el cl\u00e1sico texto de Roberto Arlt, bajo la direcci\u00f3n de Mar\u00eda Bel\u00e9n Cabrera. \u201cLa isla desierta\u201d se presentar\u00e1 a partir de las 20 en el SUM del ex Colegio \u201cNacional\u201d, con la actuaci\u00f3n de Andrea  Acosta Dur\u00e8, Antonella Graciela Lubary, Mariana Corrales, N\u00e9stor Ben\u00edtez, Silvia  Polo y Tedy Dur\u00e1n. La acci\u00f3n se centra en una oficina de aduanas localizada en la d\u00e9cima planta de un edificio funcional que est\u00e1 pr\u00f3ximo al puerto de la ciudad. Los empleados trabajan hora tras hora en la que agobiados por la labor rutinaria que desempe\u00f1an desde hace a\u00f1os, comienzan a so\u00f1ar con un futuro viaje a una isla desierta, donde creen que podr\u00e1n liberarse de todas las penurias que sufren. Aparece un mulato, el cadete de la oficina, les cuenta de los lugares enso\u00f1adores que recorri\u00f3 en el mundo. Todos empiezan a bailar hasta que llega la autoridad. Al final, \u00bftriunfar\u00e1 la rutina o la libertad?<br>\nLa segunda tendr\u00e1 lugar a las 21 en el SUM de la Escuela N\u00ba 3, sita en Yrigoyen y Mitre, con la presentaci\u00f3n del Taller Universitario de Teatro, que propondr\u00e1  \u201cLa revoluci\u00f3n de las almas libres\u201d. La pieza, escrita por Carlos Leyes y dirigida por Marcelo Gleria, plantea un recorrido heroico entre la lucha por los derechos universitarios conquistados en la Reforma de 1918 y la creaci\u00f3n de la UNaF. Una gesta no exenta de m\u00e1rtires y compromiso juvenil, que alumbra reflexi\u00f3n e inspiraci\u00f3n en tiempos dif\u00edciles.<br>\nSeguidamente, \u201cArte-Facto\u201d seguir\u00e1 festejando sus Bodas de Plata en los escenarios, con una nueva propuesta \u201c\u00bfQu\u00e9 aconteci\u00f3 con la ni\u00f1a Juanita?\u201d, a presentarse a las 22 en el Centro Cultural Municipal, ubicado en Rivadavia y Pringles. La dupla Isaac Rojas-Rodrigo Rojas encarna a dos  hermanas actrices que tuvieron sus a\u00f1os de gloria y han ca\u00eddo en el olvido. Una, postrada en silla de ruedas. y otra, la menor, hace tiempo perdi\u00f3 la cordura a causa de la culpa que siente por haber dejado a su hermana paral\u00edtica. La envidia, el rencor y la venganza viven a flor de piel en las protagonistas de esta tr\u00e1gicomica historia.<br>\nLa segunda jornada festivalera cerrar\u00e1 a las 23 en el Instituto de Comunidades Abor\u00edgenes, cuando \u201cLos Gregorianos\u201d suban a escena con \u201cProyecto Medea\u201d, obra dirigida por L\u00e1zaro Mareco y protagonizada por Silvia Gabazza, Roc\u00edo Ruiz y Marcela del Turco. La impunidad atraviesa la historia de tres mujeres. Tres voces que son una. Tres voces que representan a todas. Impunes las miradas, impune el Estado que lejos de despertar la comprensi\u00f3n, aviva  la humillaci\u00f3n  y la crueldad. El  ensa\u00f1amiento con una joven mujer,  un caso emblem\u00e1tico de Argentina, que sufre las consecuencias de un sistema opresor.<\/p>\n\n\n\n<p>Otras actividades<br>\nEn el marco de la Fiesta se dictar\u00e1n dos talleres durante hoy y ma\u00f1ana, en el horario de 9 a 12.30. Por un lado, el de \u201cIniciaci\u00f3n al clown\u201d a cargo de la docente Maru Guiot en el Estudio integral de danza Ivan Larrosa (Lorenzo Winter y Sargento Cabral) y por otro el de \u201cActuaci\u00f3n para adolescentes y j\u00f3venes\u201d a cargo de la docente Mar\u00eda Andrea Pereyra, que tendr\u00e1 lugar en la Biblioteca Popular \u201cSantiago Renevot (Juan L. Diaz 1.345)\u201d.<br>\nPor otra parte, en esos mismos d\u00edas y horarios habr\u00e1 un espacio de intercambio denominado \u201cLegado, procedencia y presente, una cartograf\u00eda de la huella\u201d a cargo del docente Carlos \u201cChango\u201d Abdo, que se llevar\u00e1 a cabo en el Instituto de Comunidades Abor\u00edgenes\u201d.<\/p>\n","protected":false},"excerpt":{"rendered":"<p>La trig\u00e9sima edici\u00f3n de la Fiesta Provincial del Teatro, organizada por el Instituto Nacional del<\/p>\n","protected":false},"author":3,"featured_media":24950,"comment_status":"open","ping_status":"open","sticky":false,"template":"","format":"standard","meta":{"footnotes":""},"categories":[1],"tags":[],"class_list":["post-24949","post","type-post","status-publish","format-standard","has-post-thumbnail","hentry","category-noticias"],"_links":{"self":[{"href":"https:\/\/24formosa.com.ar\/index.php?rest_route=\/wp\/v2\/posts\/24949","targetHints":{"allow":["GET"]}}],"collection":[{"href":"https:\/\/24formosa.com.ar\/index.php?rest_route=\/wp\/v2\/posts"}],"about":[{"href":"https:\/\/24formosa.com.ar\/index.php?rest_route=\/wp\/v2\/types\/post"}],"author":[{"embeddable":true,"href":"https:\/\/24formosa.com.ar\/index.php?rest_route=\/wp\/v2\/users\/3"}],"replies":[{"embeddable":true,"href":"https:\/\/24formosa.com.ar\/index.php?rest_route=%2Fwp%2Fv2%2Fcomments&post=24949"}],"version-history":[{"count":1,"href":"https:\/\/24formosa.com.ar\/index.php?rest_route=\/wp\/v2\/posts\/24949\/revisions"}],"predecessor-version":[{"id":24951,"href":"https:\/\/24formosa.com.ar\/index.php?rest_route=\/wp\/v2\/posts\/24949\/revisions\/24951"}],"wp:featuredmedia":[{"embeddable":true,"href":"https:\/\/24formosa.com.ar\/index.php?rest_route=\/wp\/v2\/media\/24950"}],"wp:attachment":[{"href":"https:\/\/24formosa.com.ar\/index.php?rest_route=%2Fwp%2Fv2%2Fmedia&parent=24949"}],"wp:term":[{"taxonomy":"category","embeddable":true,"href":"https:\/\/24formosa.com.ar\/index.php?rest_route=%2Fwp%2Fv2%2Fcategories&post=24949"},{"taxonomy":"post_tag","embeddable":true,"href":"https:\/\/24formosa.com.ar\/index.php?rest_route=%2Fwp%2Fv2%2Ftags&post=24949"}],"curies":[{"name":"wp","href":"https:\/\/api.w.org\/{rel}","templated":true}]}}