{"id":24940,"date":"2019-12-06T08:01:12","date_gmt":"2019-12-06T11:01:12","guid":{"rendered":"https:\/\/24formosa.com.ar\/?p=24940"},"modified":"2019-12-06T08:01:13","modified_gmt":"2019-12-06T11:01:13","slug":"comienza-la-fiesta-provincial-del-teatro","status":"publish","type":"post","link":"https:\/\/24formosa.com.ar\/?p=24940","title":{"rendered":"Comienza la Fiesta Provincial del Teatro"},"content":{"rendered":"\n<p>Hoy (viernes 6) comenzar\u00e1 a rodar la edici\u00f3n n\u00famero treinta de la Fiesta Provincial del Teatro, de la que participar\u00e1n siete puestas esc\u00e9nicas en competencia y tres espect\u00e1culos invitados.<\/p>\n\n\n\n<p>De esta instancia selectiva provincial, organizada por el Instituto Nacional del Teatro, en co-gesti\u00f3n con la Municipalidad de Formosa, surgir\u00e1 la obra que representar\u00e1 a la provincia de Formosa en la pr\u00f3xima Fiesta Nacional del Teatro, as\u00ed como las dos que la acompa\u00f1ar\u00e1n en el Encuentro Regional del Teatro 2020. El jurado estar\u00e1 compuesto por C\u00e9sar Romero (Tucum\u00e1n), Luc\u00eda Veliz (Misiones) y Marcelo Padel\u00edn (Chaco).<br>\nEn el SUM de la Escuela N\u00ba 3  est\u00e1 previsto el acto de apertura que comenzar\u00e1 a las 18, tras lo cual se presentar\u00e1n en car\u00e1cter de muestra dos espect\u00e1culos. En primer lugar, \u201cTais y un sue\u00f1o incre\u00edble\u201d del grupo \u201cFenix\u201d de Clorinda. Seguidamente, har\u00e1 lo propio el grupo \u201cIm\u00e1genes\u201d de Misi\u00f3n Laish\u00ed con una performance de expresi\u00f3n corporal.<br>\nLa primera obra en competencia que subir\u00e1 a escena ser\u00e1 \u201cLas hijas idiotas\u201d, dirigida por Isi N\u00fa\u00f1ez y protagonizada por Natalia Ruiz, Laura Dur\u00e9 y Francisco Gayoso. Esta pieza escrita por Luigi Serradori, a cargo del grupo \u201cIm\u00e1genes\u201d (Misi\u00f3n Laish\u00ed), cuenta la historia de dos hermanas, que  viven encerradas en una habitaci\u00f3n. Los personajes centrales son Anil\u00fa y Maril\u00fa, las hijas idiotas de un diputado llamado Marcos Beto Garz\u00f3n , que a pesar de vivir entre cuatro paredes,  chocan con la realidad de un pa\u00eds, que deja al descubierto sus miserias. La funci\u00f3n est\u00e1 prevista a las 22 en el SUM de la EPES N\u00ba 54 \u201cGobernador Juan Jos\u00e9 Silva\u201d (ex Colegio Nacional).<br>\nCerrar\u00e1 la primera jornada festivalera, \u201cLa Celestina\u201d, unipersonal de Isaac Rojas basado en el cl\u00e1sico personaje de Fernando de Rojas. En esta nueva propuesta de \u201cArte-Facto\u201d,  el elenco con mayor presencia en la Fiesta Provincial del Teatro, se plantea una original versi\u00f3n de la Tragicomedia de Calisto y Melibea, que muestra las malas artes que emplea la alcahueta Celestina para que se enamoren. El espect\u00e1culo apto para toda la familia se presentar\u00e1 a las 23 en el Instituto de Comunidades Abor\u00edgenes, sito en San Mart\u00edn y 25 de Mayo.<br>\nDesde la organizaci\u00f3n se destac\u00f3 el car\u00e1cter gratuito de todas las funciones, al igual que las ofertas de capacitaci\u00f3n que tendr\u00e1n los teatristas durante los tres d\u00edas que durar\u00e1 la Fiesta.<\/p>\n","protected":false},"excerpt":{"rendered":"<p>Hoy (viernes 6) comenzar\u00e1 a rodar la edici\u00f3n n\u00famero treinta de la Fiesta Provincial del<\/p>\n","protected":false},"author":3,"featured_media":24941,"comment_status":"open","ping_status":"open","sticky":false,"template":"","format":"standard","meta":{"footnotes":""},"categories":[1],"tags":[],"class_list":["post-24940","post","type-post","status-publish","format-standard","has-post-thumbnail","hentry","category-noticias"],"_links":{"self":[{"href":"https:\/\/24formosa.com.ar\/index.php?rest_route=\/wp\/v2\/posts\/24940","targetHints":{"allow":["GET"]}}],"collection":[{"href":"https:\/\/24formosa.com.ar\/index.php?rest_route=\/wp\/v2\/posts"}],"about":[{"href":"https:\/\/24formosa.com.ar\/index.php?rest_route=\/wp\/v2\/types\/post"}],"author":[{"embeddable":true,"href":"https:\/\/24formosa.com.ar\/index.php?rest_route=\/wp\/v2\/users\/3"}],"replies":[{"embeddable":true,"href":"https:\/\/24formosa.com.ar\/index.php?rest_route=%2Fwp%2Fv2%2Fcomments&post=24940"}],"version-history":[{"count":1,"href":"https:\/\/24formosa.com.ar\/index.php?rest_route=\/wp\/v2\/posts\/24940\/revisions"}],"predecessor-version":[{"id":24942,"href":"https:\/\/24formosa.com.ar\/index.php?rest_route=\/wp\/v2\/posts\/24940\/revisions\/24942"}],"wp:featuredmedia":[{"embeddable":true,"href":"https:\/\/24formosa.com.ar\/index.php?rest_route=\/wp\/v2\/media\/24941"}],"wp:attachment":[{"href":"https:\/\/24formosa.com.ar\/index.php?rest_route=%2Fwp%2Fv2%2Fmedia&parent=24940"}],"wp:term":[{"taxonomy":"category","embeddable":true,"href":"https:\/\/24formosa.com.ar\/index.php?rest_route=%2Fwp%2Fv2%2Fcategories&post=24940"},{"taxonomy":"post_tag","embeddable":true,"href":"https:\/\/24formosa.com.ar\/index.php?rest_route=%2Fwp%2Fv2%2Ftags&post=24940"}],"curies":[{"name":"wp","href":"https:\/\/api.w.org\/{rel}","templated":true}]}}