{"id":24934,"date":"2019-12-05T10:04:13","date_gmt":"2019-12-05T13:04:13","guid":{"rendered":"https:\/\/24formosa.com.ar\/?p=24934"},"modified":"2019-12-05T10:04:13","modified_gmt":"2019-12-05T13:04:13","slug":"juraron-los-diputados-electos-y-la-camara-designo-a-sus-nuevas-autoridades","status":"publish","type":"post","link":"https:\/\/24formosa.com.ar\/?p=24934","title":{"rendered":"Juraron los diputados electos y la C\u00e1mara design\u00f3 a sus nuevas autoridades"},"content":{"rendered":"\n<p>\n\nEste mi\u00e9rcoles se llev\u00f3 a cabo la Sesi\u00f3n Preparatoria en la cual se tom\u00f3 juramento a los legisladores nacionales que fueron electos en los \u00faltimos comicios del 27 de octubre.&nbsp; Un total de 129 diputados asumieron sus bancas.<\/p>\n\n\n\n<p>Por la Provincia de Formosa se renovaron tres esca\u00f1os, representando al Frente de Todos, Ingeniero Luis Basterra, quien asume de esta manera su tercer mandato como legislador, y la Dra. Graciela Parola (ex subsecretaria de ni\u00f1ez, adolescencia y familia). Por el lado de \u201cJuntos Por el Cambio\u201d, regresa al recinto el ex ministro, contador Ricardo Buryaile.<\/p>\n\n\n\n<p>Con M\u00e1ximo Kirchner como presidente de bloque, el \u201cFrente de todos\u201d estrena su condici\u00f3n de oficialismo, convirti\u00e9ndose en la primera minor\u00eda con un total de 120 legisladores, quedando s\u00f3lo a nueve del qu\u00f3rum propio, \u201cJuntos por el Cambio\u201d, por su parte, contar\u00e1 con 116.<\/p>\n\n\n\n<p>Por otro lado,&nbsp; la C\u00e1mara de diputados de la Naci\u00f3n eligi\u00f3 autoridades para los pr\u00f3ximos dos a\u00f1os, de acuerdo a lo votado Sergio Massa ser\u00e1 el flamante Presidente, la&nbsp; vicepresidencia primera qued\u00f3 en manos del diputado \u00c1lvaro Gonz\u00e1lez (PRO); la vicepresidencia segunda, ser\u00e1 para&nbsp; Jos\u00e9 Luis Gioja (PJ) y la vicepresidencia tercera para Alfredo Cornejo (UCR).<\/p>\n\n\n\n<p>Las secretar\u00edas se distribuyeron de la siguiente manera: Secretar\u00eda Parlamentaria para Eduardo Cergnul en lugar de Eugenio Inchausti, mientras que&nbsp; Marta Luchetta&nbsp; continuar\u00e1 como prosecretaria del \u00e1rea; secretar\u00eda administrativa&nbsp; a cargo de Rodrigo Rodr\u00edguez y&nbsp; Florencia Romano como prosecretaria.\n\n<\/p>\n","protected":false},"excerpt":{"rendered":"<p>Este mi\u00e9rcoles se llev\u00f3 a cabo la Sesi\u00f3n Preparatoria en la cual se tom\u00f3 juramento<\/p>\n","protected":false},"author":3,"featured_media":24935,"comment_status":"open","ping_status":"open","sticky":false,"template":"","format":"standard","meta":{"footnotes":""},"categories":[1],"tags":[],"class_list":["post-24934","post","type-post","status-publish","format-standard","has-post-thumbnail","hentry","category-noticias"],"_links":{"self":[{"href":"https:\/\/24formosa.com.ar\/index.php?rest_route=\/wp\/v2\/posts\/24934","targetHints":{"allow":["GET"]}}],"collection":[{"href":"https:\/\/24formosa.com.ar\/index.php?rest_route=\/wp\/v2\/posts"}],"about":[{"href":"https:\/\/24formosa.com.ar\/index.php?rest_route=\/wp\/v2\/types\/post"}],"author":[{"embeddable":true,"href":"https:\/\/24formosa.com.ar\/index.php?rest_route=\/wp\/v2\/users\/3"}],"replies":[{"embeddable":true,"href":"https:\/\/24formosa.com.ar\/index.php?rest_route=%2Fwp%2Fv2%2Fcomments&post=24934"}],"version-history":[{"count":1,"href":"https:\/\/24formosa.com.ar\/index.php?rest_route=\/wp\/v2\/posts\/24934\/revisions"}],"predecessor-version":[{"id":24936,"href":"https:\/\/24formosa.com.ar\/index.php?rest_route=\/wp\/v2\/posts\/24934\/revisions\/24936"}],"wp:featuredmedia":[{"embeddable":true,"href":"https:\/\/24formosa.com.ar\/index.php?rest_route=\/wp\/v2\/media\/24935"}],"wp:attachment":[{"href":"https:\/\/24formosa.com.ar\/index.php?rest_route=%2Fwp%2Fv2%2Fmedia&parent=24934"}],"wp:term":[{"taxonomy":"category","embeddable":true,"href":"https:\/\/24formosa.com.ar\/index.php?rest_route=%2Fwp%2Fv2%2Fcategories&post=24934"},{"taxonomy":"post_tag","embeddable":true,"href":"https:\/\/24formosa.com.ar\/index.php?rest_route=%2Fwp%2Fv2%2Ftags&post=24934"}],"curies":[{"name":"wp","href":"https:\/\/api.w.org\/{rel}","templated":true}]}}