{"id":24924,"date":"2019-12-03T23:49:07","date_gmt":"2019-12-04T02:49:07","guid":{"rendered":"https:\/\/24formosa.com.ar\/?p=24924"},"modified":"2019-12-03T23:49:08","modified_gmt":"2019-12-04T02:49:08","slug":"demandas-a-nacion-esperamos-el-pronunciamiento-de-la-corte-suprema","status":"publish","type":"post","link":"https:\/\/24formosa.com.ar\/?p=24924","title":{"rendered":"Demandas a Naci\u00f3n: \u00abEsperamos el pronunciamiento de la Corte Suprema\u00bb"},"content":{"rendered":"\n<p>\n\nLa fiscal de Estado de la provincia, la doctora Stella Zabala, se\u00f1al\u00f3 que se aguarda el pronunciamiento de la Corte Suprema de Justicia de la Naci\u00f3n (CSJN), m\u00e1ximo tribunal del pa\u00eds, respecto de las demandas colectivas que numerosas provincias, entre ellas Formosa, efectuaron contra el Gobierno de Mauricio Macri.<\/p>\n\n\n\n<p>Cabe recordar que entre los planteos presentados se encuentran la compensaci\u00f3n por la quita del IVA, el Impuesto a las Ganancias, el Fondo Federal Solidario (FOFESO), m\u00e1s conocido como Sojero, entre otras.<\/p>\n\n\n\n<p>\u00abTodo est\u00e1 en la Corte Suprema y estamos esperando que se pronuncie sobre esos temas\u00bb, indic\u00f3 la fiscal Zabala.<\/p>\n\n\n\n<p>Apunt\u00f3 asimismo que \u00abtambi\u00e9n hemos iniciado demandas sobre las Lecop (letras de cancelaci\u00f3n de obligaciones provinciales), por el reperfilamiento de la deuda que se hizo, ya que la provincia de Formosa ha presentado una acci\u00f3n ante la Corte\u00bb.<\/p>\n\n\n\n<p>A su vez, sum\u00f3 que \u00abjunto con Santiago del Estero le hemos pedido a la Corte Suprema que ante el incumplimiento proceda a dar intervenci\u00f3n a la Justicia Penal, as\u00ed que estamos esperando la resoluci\u00f3n de la CSJN porque ya lo hemos notificado\u00bb.<\/p>\n\n\n\n<p>Sobre de la compensaci\u00f3n por la quita del Impuesto al Valor Agregado dijo que \u00abest\u00e1n cumpliendo esa parte\u00bb, marcando que \u00aba\u00fan tenemos un planteo con respecto a Ganancias\u00bb.<\/p>\n\n\n\n<p>En cuanto al Fondo Sojero, subray\u00f3 la fiscal de Estado que \u00abhemos reiterado nuestro pedido de resoluci\u00f3n\u00bb.<\/p>\n\n\n\n<p>Consultada sobre qu\u00e9 suceder\u00e1 luego del 10 de diciembre, ya con el nuevo Gobierno de Alberto Fern\u00e1ndez, consign\u00f3: \u00abNosotros seguimos con nuestras causas, pero estamos seguros que un Gobierno con sentido de justicia social va a poner coto a todo esto porque realmente es inconstitucional, algo que no corresponde y un despojo a las provincias\u00bb.<\/p>\n\n\n\n<p>\u00abNo queda m\u00e1s que esperar que la Corte Suprema se pronuncie porque ya hemos hecho todo lo que se puede hacer: instar, pedir y reiterar, as\u00ed que creemos que el m\u00e1ximo tribunal del pa\u00eds tiene que pronunciarse, es su facultad porque se trata de la \u00faltima instancia, no tenemos otra, as\u00ed que tenemos que esperar\u00bb, finaliz\u00f3.<br><\/p>\n","protected":false},"excerpt":{"rendered":"<p>La fiscal de Estado de la provincia, la doctora Stella Zabala, se\u00f1al\u00f3 que se aguarda<\/p>\n","protected":false},"author":3,"featured_media":24925,"comment_status":"open","ping_status":"open","sticky":false,"template":"","format":"standard","meta":{"footnotes":""},"categories":[1],"tags":[],"class_list":["post-24924","post","type-post","status-publish","format-standard","has-post-thumbnail","hentry","category-noticias"],"_links":{"self":[{"href":"https:\/\/24formosa.com.ar\/index.php?rest_route=\/wp\/v2\/posts\/24924","targetHints":{"allow":["GET"]}}],"collection":[{"href":"https:\/\/24formosa.com.ar\/index.php?rest_route=\/wp\/v2\/posts"}],"about":[{"href":"https:\/\/24formosa.com.ar\/index.php?rest_route=\/wp\/v2\/types\/post"}],"author":[{"embeddable":true,"href":"https:\/\/24formosa.com.ar\/index.php?rest_route=\/wp\/v2\/users\/3"}],"replies":[{"embeddable":true,"href":"https:\/\/24formosa.com.ar\/index.php?rest_route=%2Fwp%2Fv2%2Fcomments&post=24924"}],"version-history":[{"count":1,"href":"https:\/\/24formosa.com.ar\/index.php?rest_route=\/wp\/v2\/posts\/24924\/revisions"}],"predecessor-version":[{"id":24926,"href":"https:\/\/24formosa.com.ar\/index.php?rest_route=\/wp\/v2\/posts\/24924\/revisions\/24926"}],"wp:featuredmedia":[{"embeddable":true,"href":"https:\/\/24formosa.com.ar\/index.php?rest_route=\/wp\/v2\/media\/24925"}],"wp:attachment":[{"href":"https:\/\/24formosa.com.ar\/index.php?rest_route=%2Fwp%2Fv2%2Fmedia&parent=24924"}],"wp:term":[{"taxonomy":"category","embeddable":true,"href":"https:\/\/24formosa.com.ar\/index.php?rest_route=%2Fwp%2Fv2%2Fcategories&post=24924"},{"taxonomy":"post_tag","embeddable":true,"href":"https:\/\/24formosa.com.ar\/index.php?rest_route=%2Fwp%2Fv2%2Ftags&post=24924"}],"curies":[{"name":"wp","href":"https:\/\/api.w.org\/{rel}","templated":true}]}}