{"id":24918,"date":"2019-12-03T23:39:18","date_gmt":"2019-12-04T02:39:18","guid":{"rendered":"https:\/\/24formosa.com.ar\/?p=24918"},"modified":"2019-12-03T23:39:19","modified_gmt":"2019-12-04T02:39:19","slug":"concierto-de-tini-habilitan-cupo-para-fans-especiales","status":"publish","type":"post","link":"https:\/\/24formosa.com.ar\/?p=24918","title":{"rendered":"Concierto  de  Tini: habilitan cupo para fans especiales"},"content":{"rendered":"\n<p>Los fans de Tini con capacidades diferentes tendr\u00e1n la posibilidad de acceder gratuitamente al show previsto para el pr\u00f3ximo viernes a las 21 en el Anfiteatro de la Juventud. Para ello, los veinte primeros que concurran a la boleter\u00eda a partir de las 18, podr\u00e1n ingresar libremente al espect\u00e1culo. En cambio, los acompa\u00f1antes abonar\u00e1n el cincuenta por ciento del valor de la entrada.<\/p>\n\n\n\n<p>As\u00ed lo anunciaron desde la organizaci\u00f3n del evento, en coincidencia con el D\u00eda Internacional de las Personas con Discapacidad que se conmemora cada 3 de diciembre.<br> A cuatro d\u00edas de pisar de su desembarco en tierra formose\u00f1a, ha generado gran expectativa, no s\u00f3lo a nivel local, sino tambi\u00e9n regional, ya que est\u00e1n agotadas las localidades para su show en Resistencia, raz\u00f3n por la cual se prev\u00e9 tambi\u00e9n una gran afluencia de p\u00fablico chaque\u00f1o y correntino. Desde la organizaci\u00f3n, realizaron esta advertencia para que los seguidores formose\u00f1os no se queden sin sus entradas y la adquieran de manera anticipada.<br> A punto de culminar un a\u00f1o lleno de \u00e9xitos con un record de ocho funciones en el Luna Park, la cantante pop del momento continuar\u00e1 sus presentaciones en este agitado 2019, tras ganar un disco de oro por la arrasadora venta de \u201cQuiero volver\u201d en Centro Am\u00e9rica. Este a\u00f1o, hizo una extensa gira que la llev\u00f3 por diversas provincias del pa\u00eds, adem\u00e1s de Chile y Uruguay. La gira continu\u00f3 con un tour internacional que la llev\u00f3 por M\u00e9xico, Per\u00fa, Colombia, culminando el 10 de diciembre en Asunci\u00f3n del Paraguay.<br> Durante su presentaci\u00f3n en el Anfiteatro de la Juventud, Tini har\u00e1 bailar y emocionar a su p\u00fablico con un show renovado, que se destaca por su puesta en escena, luces, pantallas y bailarinas.<br> En el marco de la gira \u201cQuiero volver Tour\u201d, el repertorio de Tini estar\u00e1 cargado principalmente por los temas que componen su \u00faltimo disco, como as\u00ed tambi\u00e9n por sus hits m\u00e1s explosivos que llegaron a la cima de los charts.<br> \u00daltimamente, la cantante lanz\u00f3 el tema \u201c22\u201d, junto a Greeicy y la participaci\u00f3n estelar de Pablo Lescano, canci\u00f3n que r\u00e1pidamente super\u00f3 cien millones de reproducciones y fue #1 en radios en Argentina. Hoy se encuentra promocionando sus dos singles m\u00e1s recientes (\u201cFresa\u201d junto a Lalo Ebratt y \u201cOye\u201d junto a Yatra). Con Fresa, Tini logr\u00f3 por primera vez el #1 en el Chart de Spotify Argentina. Por su parte, \u201cOye\u201d logr\u00f3 ser el tercer video m\u00e1s visto a nivel mundial en el d\u00eda de su lanzamiento.<br> Las entradas anticipadas se pueden adquirir todos los d\u00edas de 19 a 2 en LOMISTICO (Fontana 976) o bien v\u00eda internet a trav\u00e9s del portal www.fullticket.com. <\/p>\n","protected":false},"excerpt":{"rendered":"<p>Los fans de Tini con capacidades diferentes tendr\u00e1n la posibilidad de acceder gratuitamente al show<\/p>\n","protected":false},"author":3,"featured_media":24919,"comment_status":"open","ping_status":"open","sticky":false,"template":"","format":"standard","meta":{"footnotes":""},"categories":[1],"tags":[],"class_list":["post-24918","post","type-post","status-publish","format-standard","has-post-thumbnail","hentry","category-noticias"],"_links":{"self":[{"href":"https:\/\/24formosa.com.ar\/index.php?rest_route=\/wp\/v2\/posts\/24918","targetHints":{"allow":["GET"]}}],"collection":[{"href":"https:\/\/24formosa.com.ar\/index.php?rest_route=\/wp\/v2\/posts"}],"about":[{"href":"https:\/\/24formosa.com.ar\/index.php?rest_route=\/wp\/v2\/types\/post"}],"author":[{"embeddable":true,"href":"https:\/\/24formosa.com.ar\/index.php?rest_route=\/wp\/v2\/users\/3"}],"replies":[{"embeddable":true,"href":"https:\/\/24formosa.com.ar\/index.php?rest_route=%2Fwp%2Fv2%2Fcomments&post=24918"}],"version-history":[{"count":1,"href":"https:\/\/24formosa.com.ar\/index.php?rest_route=\/wp\/v2\/posts\/24918\/revisions"}],"predecessor-version":[{"id":24920,"href":"https:\/\/24formosa.com.ar\/index.php?rest_route=\/wp\/v2\/posts\/24918\/revisions\/24920"}],"wp:featuredmedia":[{"embeddable":true,"href":"https:\/\/24formosa.com.ar\/index.php?rest_route=\/wp\/v2\/media\/24919"}],"wp:attachment":[{"href":"https:\/\/24formosa.com.ar\/index.php?rest_route=%2Fwp%2Fv2%2Fmedia&parent=24918"}],"wp:term":[{"taxonomy":"category","embeddable":true,"href":"https:\/\/24formosa.com.ar\/index.php?rest_route=%2Fwp%2Fv2%2Fcategories&post=24918"},{"taxonomy":"post_tag","embeddable":true,"href":"https:\/\/24formosa.com.ar\/index.php?rest_route=%2Fwp%2Fv2%2Ftags&post=24918"}],"curies":[{"name":"wp","href":"https:\/\/api.w.org\/{rel}","templated":true}]}}