{"id":24912,"date":"2019-11-28T23:55:45","date_gmt":"2019-11-29T02:55:45","guid":{"rendered":"https:\/\/24formosa.com.ar\/?p=24912"},"modified":"2019-11-28T23:55:46","modified_gmt":"2019-11-29T02:55:46","slug":"el-gobernador-inaugurara-este-viernes-el-centro-comunitario-del-barrio-virgen-del-carmen","status":"publish","type":"post","link":"https:\/\/24formosa.com.ar\/?p=24912","title":{"rendered":"El Gobernador inaugurar\u00e1 este viernes el Centro Comunitario del barrio Virgen del Carmen"},"content":{"rendered":"\n<p>\n\nEste viernes 29, el primer mandatario provincial, Dr. Gildo Insfr\u00e1n, presidir\u00e1 la inauguraci\u00f3n de la refacci\u00f3n y ampliaci\u00f3n del Centro de desarrollo Comunitario \u201cEvita\u201d, ubicado en el barrio Villa del Carmen.<\/p>\n\n\n\n<p>El acto est\u00e1 previsto para las 18:45 horas y se ingresa al lugar por la Ruta Nacional N\u00b0 11 hacia la EPEP N\u00b0 333.<\/p>\n\n\n\n<p>El edificio, donde antes funcionaba la EPEP N\u00b0 333, cuenta con un sector administrativo compuesto por una direcci\u00f3n y sala de reuniones; un espacio pedag\u00f3gico y de apoyo con tres aulas, una biblioteca y un sal\u00f3n de usos m\u00faltiples ampliads; y por \u00faltimo, la parte que corresponde a los servicios tiene sanitarios y una cocina.<\/p>\n\n\n\n<p>En los aspectos constructivos, el centro comunitario est\u00e1 edificado con cubierta de chapa galvanizada tipo T \u2013 101, pisos gran\u00edticos, carpinter\u00eda de aluminio, parasoles de chapa doblada, cielorrasos de PVC y places de yeso tipo durlock y revestimiento de cer\u00e1micos.<\/p>\n\n\n\n<p>Por otro lado, la obra incluye provisi\u00f3n de matafuegos, construcci\u00f3n de la vereda p\u00fablica, parquizaci\u00f3n e iluminaci\u00f3n exterior, cerco perimetral y entubado de cunetas y desag\u00fces pluviales.<\/p>\n\n\n\n<p>El nuevo Centro de desarrollo comunitario de Villa del Carmen fue construido sobre una superficie de 551.00 metros cuadrados.\n\n<\/p>\n","protected":false},"excerpt":{"rendered":"<p>Este viernes 29, el primer mandatario provincial, Dr. Gildo Insfr\u00e1n, presidir\u00e1 la inauguraci\u00f3n de la<\/p>\n","protected":false},"author":3,"featured_media":24913,"comment_status":"open","ping_status":"open","sticky":false,"template":"","format":"standard","meta":{"footnotes":""},"categories":[1],"tags":[],"class_list":["post-24912","post","type-post","status-publish","format-standard","has-post-thumbnail","hentry","category-noticias"],"_links":{"self":[{"href":"https:\/\/24formosa.com.ar\/index.php?rest_route=\/wp\/v2\/posts\/24912","targetHints":{"allow":["GET"]}}],"collection":[{"href":"https:\/\/24formosa.com.ar\/index.php?rest_route=\/wp\/v2\/posts"}],"about":[{"href":"https:\/\/24formosa.com.ar\/index.php?rest_route=\/wp\/v2\/types\/post"}],"author":[{"embeddable":true,"href":"https:\/\/24formosa.com.ar\/index.php?rest_route=\/wp\/v2\/users\/3"}],"replies":[{"embeddable":true,"href":"https:\/\/24formosa.com.ar\/index.php?rest_route=%2Fwp%2Fv2%2Fcomments&post=24912"}],"version-history":[{"count":1,"href":"https:\/\/24formosa.com.ar\/index.php?rest_route=\/wp\/v2\/posts\/24912\/revisions"}],"predecessor-version":[{"id":24914,"href":"https:\/\/24formosa.com.ar\/index.php?rest_route=\/wp\/v2\/posts\/24912\/revisions\/24914"}],"wp:featuredmedia":[{"embeddable":true,"href":"https:\/\/24formosa.com.ar\/index.php?rest_route=\/wp\/v2\/media\/24913"}],"wp:attachment":[{"href":"https:\/\/24formosa.com.ar\/index.php?rest_route=%2Fwp%2Fv2%2Fmedia&parent=24912"}],"wp:term":[{"taxonomy":"category","embeddable":true,"href":"https:\/\/24formosa.com.ar\/index.php?rest_route=%2Fwp%2Fv2%2Fcategories&post=24912"},{"taxonomy":"post_tag","embeddable":true,"href":"https:\/\/24formosa.com.ar\/index.php?rest_route=%2Fwp%2Fv2%2Ftags&post=24912"}],"curies":[{"name":"wp","href":"https:\/\/api.w.org\/{rel}","templated":true}]}}