{"id":24906,"date":"2019-11-28T09:15:07","date_gmt":"2019-11-28T12:15:07","guid":{"rendered":"https:\/\/24formosa.com.ar\/?p=24906"},"modified":"2019-11-28T09:15:07","modified_gmt":"2019-11-28T12:15:07","slug":"insfran-asistio-en-el-congreso-al-juramento-de-los-nuevos-senadores","status":"publish","type":"post","link":"https:\/\/24formosa.com.ar\/?p=24906","title":{"rendered":"Insfr\u00e1n asisti\u00f3 en el Congreso al Juramento de los nuevos senadores"},"content":{"rendered":"\n<p>\n\nEl gobernador Gildo Insfran asisti\u00f3 este mi\u00e9rcoles en el Congreso de la Naci\u00f3n a la ceremonia de juramento de los nuevos senadores nacionales que fueron electos en los comicios realizados el 27 de octubre y cuyo mandato se extender\u00e1 hasta el a\u00f1os 2025.<\/p>\n\n\n\n<p>Pero, sobre todo, acompa\u00f1o a su amigo, el clorindense Jose Miguel \u00c1ngel Mayans, en su debut formal como presidente del bloque del Frente de Todos en la c\u00e1mara alta y quien tuvo activa participaci\u00f3n en la sesi\u00f3n, la ultima del a\u00f1o y que sirvi\u00f3 para despedir a quienes completaron su mandato y a la vicepresidenta de la Naci\u00f3n, Gabriela Michetti.<\/p>\n\n\n\n<p>Insfran estuvo ubicado en las cercan\u00edas del estrado central del Senado acompa\u00f1ado, entre otros, por&nbsp; el gobernador de Santiago del Estero, Gerardo Zamora; el presidente del PJ Jose Luis Gioja y el ministro del Interior del gobierno nacional saliente Rogelio Frigerio.<\/p>\n\n\n\n<p>El mandatario formose\u00f1o saludo particularmente al ex canciller&nbsp; Jorge Taiana, quien ocupara la banca que deja Cristina Fernandez de Kirchner y a Marcelo Fuentes quien completa su mandato como senador y asumi\u00f3 como nuevo Secretario Parlamentario del Senado.<\/p>\n\n\n\n<p>Ademas,&nbsp; fue testigo&nbsp; del nombramiento de Claudia Ledesma Abdala, ex gobernadora de Santiago del Estero y esposa de Gerardo Zamora, como nueva presidenta provisional del Senado en reemplazo de Federico Pinedo.<\/p>\n\n\n\n<p>Entretanto, el ex gobernador de Misiones, Maurice Closs juro como vicepresidente primero del cuerpo y&nbsp; Mariano Cabral,&nbsp; como prosecretario administrativo del Senado.\n\n<\/p>\n","protected":false},"excerpt":{"rendered":"<p>El gobernador Gildo Insfran asisti\u00f3 este mi\u00e9rcoles en el Congreso de la Naci\u00f3n a la<\/p>\n","protected":false},"author":3,"featured_media":24907,"comment_status":"open","ping_status":"open","sticky":false,"template":"","format":"standard","meta":{"footnotes":""},"categories":[1],"tags":[],"class_list":["post-24906","post","type-post","status-publish","format-standard","has-post-thumbnail","hentry","category-noticias"],"_links":{"self":[{"href":"https:\/\/24formosa.com.ar\/index.php?rest_route=\/wp\/v2\/posts\/24906","targetHints":{"allow":["GET"]}}],"collection":[{"href":"https:\/\/24formosa.com.ar\/index.php?rest_route=\/wp\/v2\/posts"}],"about":[{"href":"https:\/\/24formosa.com.ar\/index.php?rest_route=\/wp\/v2\/types\/post"}],"author":[{"embeddable":true,"href":"https:\/\/24formosa.com.ar\/index.php?rest_route=\/wp\/v2\/users\/3"}],"replies":[{"embeddable":true,"href":"https:\/\/24formosa.com.ar\/index.php?rest_route=%2Fwp%2Fv2%2Fcomments&post=24906"}],"version-history":[{"count":1,"href":"https:\/\/24formosa.com.ar\/index.php?rest_route=\/wp\/v2\/posts\/24906\/revisions"}],"predecessor-version":[{"id":24908,"href":"https:\/\/24formosa.com.ar\/index.php?rest_route=\/wp\/v2\/posts\/24906\/revisions\/24908"}],"wp:featuredmedia":[{"embeddable":true,"href":"https:\/\/24formosa.com.ar\/index.php?rest_route=\/wp\/v2\/media\/24907"}],"wp:attachment":[{"href":"https:\/\/24formosa.com.ar\/index.php?rest_route=%2Fwp%2Fv2%2Fmedia&parent=24906"}],"wp:term":[{"taxonomy":"category","embeddable":true,"href":"https:\/\/24formosa.com.ar\/index.php?rest_route=%2Fwp%2Fv2%2Fcategories&post=24906"},{"taxonomy":"post_tag","embeddable":true,"href":"https:\/\/24formosa.com.ar\/index.php?rest_route=%2Fwp%2Fv2%2Ftags&post=24906"}],"curies":[{"name":"wp","href":"https:\/\/api.w.org\/{rel}","templated":true}]}}