{"id":24894,"date":"2019-11-27T09:28:24","date_gmt":"2019-11-27T12:28:24","guid":{"rendered":"https:\/\/24formosa.com.ar\/?p=24894"},"modified":"2019-11-27T09:28:24","modified_gmt":"2019-11-27T12:28:24","slug":"la-fiesta-provincial-del-teatro-cumple-30-ediciones-en-diciembre","status":"publish","type":"post","link":"https:\/\/24formosa.com.ar\/?p=24894","title":{"rendered":"La Fiesta Provincial del Teatro cumple 30 ediciones en diciembre"},"content":{"rendered":"\n<p><\/p>\n\n\n\n<p>La capital formose\u00f1a ser\u00e1 sede de la 30\u00b0 Fiesta Provincial de Teatro, que se realizar\u00e1 entre el 6 y el 8 de diciembre pr\u00f3ximo, bajo la organizaci\u00f3n del Instituto Nacional del Teatro en co-gesti\u00f3n con el Municipio local.<\/p>\n\n\n\n<p>La representante provincial del INT, Graciela Galeano anunci\u00f3 que \u201cser\u00e1n siete obras las que participar\u00e1n en la instancia de competencia en busca de un lugar en la Fiesta Nacional, adem\u00e1s de la participaci\u00f3n de tres espect\u00e1culos invitados\u201d.<\/p>\n\n\n\n<p>En ese sentido, revel\u00f3 los nombres de las piezas y elencos que competir\u00e1n: \u201cLa Celestina\u201d y \u201c\u00bfQu\u00e9 aconteci\u00f3 con la ni\u00f1a Juanita?\u201d (Arte-facto-Formosa); \u201cLas hijas idiotas\u201d (Im\u00e1genes-Misi\u00f3n Laish\u00ed); \u201cProyecto Medea\u201d (Los Gregorianos-Formosa); \u201cLa isla desierta\u201d (Enigma-Formosa); \u201cLa revoluci\u00f3n de las almas libres\u201d (Taller de Teatro Universitario UNaF \u2013 Formosa) y \u201cPostales Argentinas\u201d (Esquimal Teatro \u2013 Formosa)<br>Galeano inform\u00f3 que \u201cel jurado estar\u00e1 compuesto por C\u00e9sar Romero (Tucum\u00e1n), Luc\u00eda Veliz (Misiones) y Marcelo Padel\u00edn (Chaco), quienes tendr\u00e1n la dif\u00edcil tarea de elegir la obra que representar\u00e1 a Formosa en la Fiesta Nacional del Teatro y las dos que tambi\u00e9n la acompa\u00f1ar\u00e1n en la Fiesta Regional\u201d<br>En cuanto a los grupos visitantes, mencion\u00f3 a un elenco concertado proveniente de Asunci\u00f3n del Paraguay, que traer\u00e1 la obra \u201cSoledades de ciudades\u201d, en el marco del Programa \u201cCruce de fronteras\u201d. Tambi\u00e9n resalt\u00f3 la visita del grupo clorindense F\u00e9nix que presentar\u00e1 la obra \u201cTais y un sue\u00f1o incre\u00edble\u201d del grupo clorindense y del elenco \u201cIm\u00e0genes\u201d (Misi\u00f3n Laish\u00ed) que lucir\u00e1 una performance de expresi\u00f3n corporal\u201d, se\u00f1alando que \u201cambos espect\u00e1culos ser\u00e1n los encargados de abrir el festival\u201d.<\/p>\n\n\n\n<p>Destac\u00f3 adem\u00e1s que \u201ctodas las funciones ser\u00e1n libres y gratuitas, teniendo como escenarios los de las siguientes salas: Instituto de comunidades abor\u00edgenes, Centro cultural municipal, SUM &#8211; EPES N\u00b0 54 Gobernador Juan Jos\u00e9 Silva y SUM Escuela N\u00b0 3\u201d.<\/p>\n\n\n\n<p>En materia de capacitaci\u00f3n, anticip\u00f3 que \u201cnuestros teatristas tendr\u00e1n la posibilidad de cursar dos talleres durante los d\u00edas 7 y 8 de diciembre, en el horario de 9 a 12.30. Por un lado, el de \u201cIniciaci\u00f3n al clown\u201d a cargo de la docente Maru Guiot en el Estudio integral de danza Ivan Larrosa (Lorenzo Winter y Sargento Cabral) y por otro el de \u201cActuaci\u00f3n para adolescentes y j\u00f3venes\u201d a cargo de la docente Mar\u00eda Andrea Pereyra , que tendr\u00e1 lugar en la Biblioteca Popular \u201cSantiago Renevot (Juan L. Diaz 1.345)\u201d .<\/p>\n\n\n\n<p>\u201cPor otra parte \u2013 agreg\u00f3- en esos mismos d\u00edas y horarios habr\u00e1 un espacio de intercambio denominado \u201cLegado, procedencia y presente, una cartograf\u00eda de la huella\u201d a cargo del docente Carlos \u201cChango\u201d Abdo, que se llevar\u00e1 a cabo en el Instituto de Comunidades Abor\u00edgenes\u201d.<\/p>\n\n\n\n<p>Finalmente, la representante provincial del Instituto Nacional del Teatro, Graciela Galeano confi\u00f3 sentirse emocionada, al comentar que \u201ceste a\u00f1o, la Fiesta cumple treinta ediciones, un logro que nos llena de orgullo, no s\u00f3lo por la vigencia en el tiempo, sino por la calidad est\u00e9tica y esc\u00e9nica del floreciente teatro formose\u00f1o, que tantas satisfacciones nos ha dado a nivel local, nacional e internacional\u201d.<\/p>\n","protected":false},"excerpt":{"rendered":"<p>La capital formose\u00f1a ser\u00e1 sede de la 30\u00b0 Fiesta Provincial de Teatro, que se realizar\u00e1<\/p>\n","protected":false},"author":3,"featured_media":24896,"comment_status":"open","ping_status":"open","sticky":false,"template":"","format":"standard","meta":{"footnotes":""},"categories":[1],"tags":[],"class_list":["post-24894","post","type-post","status-publish","format-standard","has-post-thumbnail","hentry","category-noticias"],"_links":{"self":[{"href":"https:\/\/24formosa.com.ar\/index.php?rest_route=\/wp\/v2\/posts\/24894","targetHints":{"allow":["GET"]}}],"collection":[{"href":"https:\/\/24formosa.com.ar\/index.php?rest_route=\/wp\/v2\/posts"}],"about":[{"href":"https:\/\/24formosa.com.ar\/index.php?rest_route=\/wp\/v2\/types\/post"}],"author":[{"embeddable":true,"href":"https:\/\/24formosa.com.ar\/index.php?rest_route=\/wp\/v2\/users\/3"}],"replies":[{"embeddable":true,"href":"https:\/\/24formosa.com.ar\/index.php?rest_route=%2Fwp%2Fv2%2Fcomments&post=24894"}],"version-history":[{"count":1,"href":"https:\/\/24formosa.com.ar\/index.php?rest_route=\/wp\/v2\/posts\/24894\/revisions"}],"predecessor-version":[{"id":24897,"href":"https:\/\/24formosa.com.ar\/index.php?rest_route=\/wp\/v2\/posts\/24894\/revisions\/24897"}],"wp:featuredmedia":[{"embeddable":true,"href":"https:\/\/24formosa.com.ar\/index.php?rest_route=\/wp\/v2\/media\/24896"}],"wp:attachment":[{"href":"https:\/\/24formosa.com.ar\/index.php?rest_route=%2Fwp%2Fv2%2Fmedia&parent=24894"}],"wp:term":[{"taxonomy":"category","embeddable":true,"href":"https:\/\/24formosa.com.ar\/index.php?rest_route=%2Fwp%2Fv2%2Fcategories&post=24894"},{"taxonomy":"post_tag","embeddable":true,"href":"https:\/\/24formosa.com.ar\/index.php?rest_route=%2Fwp%2Fv2%2Ftags&post=24894"}],"curies":[{"name":"wp","href":"https:\/\/api.w.org\/{rel}","templated":true}]}}