{"id":24890,"date":"2019-11-25T22:48:02","date_gmt":"2019-11-26T01:48:02","guid":{"rendered":"https:\/\/24formosa.com.ar\/?p=24890"},"modified":"2019-11-25T22:48:03","modified_gmt":"2019-11-26T01:48:03","slug":"insfran-asistio-a-la-jura-y-posesion-del-cargo-del-juez-federal-no1","status":"publish","type":"post","link":"https:\/\/24formosa.com.ar\/?p=24890","title":{"rendered":"Insfr\u00e1n asisti\u00f3 a la jura y posesi\u00f3n del cargo del Juez Federal N\u00ba1"},"content":{"rendered":"\n<p>\n\nEste lunes por la ma\u00f1ana, se realiz\u00f3 el acto de jura y posesi\u00f3n del cargo del doctor Pablo Fernando Mor\u00e1n, el nuevo juez del Juzgado Federal de la primera instancia N\u00b0 1 de la provincia.<\/p>\n\n\n\n<p>El gobernador Gildo&nbsp; Insfr\u00e1n asisti\u00f3 como invitado de honor y estuvo acompa\u00f1ando a quienes tomaron el juramento al flamante magistrado, la&nbsp; presidenta de la C\u00e1mara de Apelaciones de Resistencia, Dra Roc\u00edo Alcal\u00e1 y la vicepresidente del cuerpo, Mar\u00eda Delfina Denogens.<\/p>\n\n\n\n<p>La audiencia protocolar se realiz\u00f3 en la sede del organismo judicial, sito en Mitre 839 y cont\u00f3 adem\u00e1s con la presencia de autoridades de las fuerzas federales y provinciales con base en Formosa.<\/p>\n\n\n\n<p>El nuevo Juez tom\u00f3 un breve contacto con la prensa y sostuvo que los gobernadores adem\u00e1s de administradores de las provincias, \u201cpara lo que su pueblo los ha elegido\u201d, son agentes naturales del gobierno federal en cada provincia, \u201cas\u00ed que su presencia en este acto es muy bueno y da un respaldo a la nueva gesti\u00f3n\u201d.<\/p>\n\n\n\n<p>Adem\u00e1s, agradeci\u00f3 la presencia de todos y dijo que era un momento \u201cimportante y trascendental para la justicia de Formosa, despu\u00e9s de tantos a\u00f1os de estar bacante el Juzgado\u201d.<\/p>\n\n\n\n<p><br>\u201cYo quiero que los empleados y funcionarios sepan que mi idea es trabajar liderando un equipo en el cual podamos entre todos colaborar y seguir trabajando a fin de cumplir el mandato constitucional de afianzar la justicia\u201d, asegur\u00f3.<\/p>\n\n\n\n<p>Y sigui\u00f3: \u201cLos formose\u00f1os pueden tener la tranquilidad de saber que tras este largo proceso se logr\u00f3 designar a un juez que, si bien no conozco con anterioridad la provincia, tengo gran formaci\u00f3n jur\u00eddica y ustedes pueden contar con un juez con garant\u00eda de imparcialidad y con ganas de trabajar en pos del cumplimiento de la ley y la Constituci\u00f3n Nacional\u201d.<\/p>\n\n\n\n<p>En ese sentido, argument\u00f3 que este Juzgado le representa un \u201cgran desaf\u00edo\u201d, porque est\u00e1 en zona de frontera y dur\u00f3 muchos a\u00f1os sin titular.<\/p>\n\n\n\n<p>\u201cTiene como condimento especial que se trata de un juzgado con competencia electoral, lo cual nos da un plus adem\u00e1s del multifuero que significa civil, comercial, contencioso, administrativo, penal y todas las cuestiones de seguridad social que est\u00e1n pendientes, tambi\u00e9n tenemos el tema de la competencia electoral\u201d, explic\u00f3; y adelant\u00f3 que comienza una nueva etapa en ese \u00e1mbito con la Ley de financiamiento de los partidos pol\u00edticos aprobada este a\u00f1o.<\/p>\n\n\n\n<p><br>Por otro lado, manifest\u00f3 que la particularidad de la frontera, adem\u00e1s de los delitos t\u00edpicos de contrabando y narcotr\u00e1fico hay uno particular que lo preocupa.<\/p>\n\n\n\n<p><br>\u201cSi bien tengo entendido que de momento no hay grandes hechos ocurriendo pero uno que me preocupa mucho es el de trata de personas, con que ocurra una sola vez es de gravedad institucional para el pa\u00eds, en el caso de ocurrir en esta frontera ser\u00e1 perseguido con especial \u00e9nfasis\u201d, asever\u00f3.<\/p>\n\n\n\n<p><br>Por otro lado, dijo a los medios de comunicaci\u00f3n que el derecho de libertad de prensa y la defensa estricta del periodismo y de todo medio de expresi\u00f3n va a ser, entre otras cosas, su \u201cnorte\u201d.<br>\u201cLos periodistas tienen que saber que en la medida que se pueda, en mi van a tener un gran defensor de la libertad de prensa y b\u00e1sicamente eso y de los derechos humanos en general\u201d, indic\u00f3.<\/p>\n\n\n\n<p><br>Mor\u00e1n se refiri\u00f3, tambi\u00e9n, al procedimiento judicial para los cortes de ruta en forma de protesta y dijo que no es necesaria una orden judicial porque \u201cel poder ejecutivo dispone de las fuerzas policiales y es el que tiene autorizaci\u00f3n directa para desalojar las rutas\u201d.<\/p>\n\n\n\n<p>\u201cHay distintas interpretaciones que a veces por razones&nbsp; de que nadie quiere asumir el costo pol\u00edtico de la represi\u00f3n de una manifestaci\u00f3n popular, no se hace. Yo por supuesto que respeto total y absolutamente el derecho que tiene los ciudadanos de expresarse libremente y peticionar a las autoridades, es uno de los derechos constitucionales originarios, pero cuando se superpone con el derecho a la libre circulaci\u00f3n por parte del resto de los ciudadanos, ah\u00ed se est\u00e1n pisando distintos derechos\u201d, afirm\u00f3 Mor\u00e1n.<\/p>\n\n\n\n<p>Y aclar\u00f3: \u201cNo estoy dispuesto a mandar a reprimir a los manifestantes porque no creo que la represi\u00f3n de la protesta social sea la soluci\u00f3n para ning\u00fan problema pero es necesario encontrar alguna f\u00f3rmula de equilibrio en la cual las fuerzas policiales puedan hacer respetar el derecho de libre circulaci\u00f3n de los ciudadanos, esos son los derechos constitucionales b\u00e1sicos. Dadas las circunstancias del caso, ac\u00e1 nadie est\u00e1 pretendiendo perjudicar a la gente que hace reclamos justos y que se encuentra con medios de expresi\u00f3n que tal vez no sean adecuados para el resto de la sociedad\u201d.<\/p>\n\n\n\n<p>El proceso de designaci\u00f3n del juez Mor\u00e1n inici\u00f3 en 2012 con la renuncia del juez anterior. En el 2014, se inscribi\u00f3 al concurso, que rindi\u00f3 en el 2015. En el 2016 se publicaron las notas y armaron los \u00f3rdenes de m\u00e9rito. Reci\u00e9n en 2018 se mand\u00f3 la propuesta al Senado y este a\u00f1o sali\u00f3 el decreto 564\/2019 de nombramiento.<\/p>\n\n\n\n<p>\u201cQue tengamos una Argentina m\u00e1s justa, solidaria, equitativa y donde se haga respetar la ley, los derechos humanos y poder hacer respetar los derechos de todos y cada una de las personas\u201d, dese\u00f3 el reciente juez federal.\n\n<\/p>\n","protected":false},"excerpt":{"rendered":"<p>Este lunes por la ma\u00f1ana, se realiz\u00f3 el acto de jura y posesi\u00f3n del cargo<\/p>\n","protected":false},"author":3,"featured_media":24891,"comment_status":"open","ping_status":"open","sticky":false,"template":"","format":"standard","meta":{"footnotes":""},"categories":[1],"tags":[],"class_list":["post-24890","post","type-post","status-publish","format-standard","has-post-thumbnail","hentry","category-noticias"],"_links":{"self":[{"href":"https:\/\/24formosa.com.ar\/index.php?rest_route=\/wp\/v2\/posts\/24890","targetHints":{"allow":["GET"]}}],"collection":[{"href":"https:\/\/24formosa.com.ar\/index.php?rest_route=\/wp\/v2\/posts"}],"about":[{"href":"https:\/\/24formosa.com.ar\/index.php?rest_route=\/wp\/v2\/types\/post"}],"author":[{"embeddable":true,"href":"https:\/\/24formosa.com.ar\/index.php?rest_route=\/wp\/v2\/users\/3"}],"replies":[{"embeddable":true,"href":"https:\/\/24formosa.com.ar\/index.php?rest_route=%2Fwp%2Fv2%2Fcomments&post=24890"}],"version-history":[{"count":1,"href":"https:\/\/24formosa.com.ar\/index.php?rest_route=\/wp\/v2\/posts\/24890\/revisions"}],"predecessor-version":[{"id":24892,"href":"https:\/\/24formosa.com.ar\/index.php?rest_route=\/wp\/v2\/posts\/24890\/revisions\/24892"}],"wp:featuredmedia":[{"embeddable":true,"href":"https:\/\/24formosa.com.ar\/index.php?rest_route=\/wp\/v2\/media\/24891"}],"wp:attachment":[{"href":"https:\/\/24formosa.com.ar\/index.php?rest_route=%2Fwp%2Fv2%2Fmedia&parent=24890"}],"wp:term":[{"taxonomy":"category","embeddable":true,"href":"https:\/\/24formosa.com.ar\/index.php?rest_route=%2Fwp%2Fv2%2Fcategories&post=24890"},{"taxonomy":"post_tag","embeddable":true,"href":"https:\/\/24formosa.com.ar\/index.php?rest_route=%2Fwp%2Fv2%2Ftags&post=24890"}],"curies":[{"name":"wp","href":"https:\/\/api.w.org\/{rel}","templated":true}]}}