{"id":24874,"date":"2019-11-20T08:24:08","date_gmt":"2019-11-20T11:24:08","guid":{"rendered":"https:\/\/24formosa.com.ar\/?p=24874"},"modified":"2019-11-20T08:24:08","modified_gmt":"2019-11-20T11:24:08","slug":"insfran-entrego-a-veteranos-del-5-de-octubre-un-edificio","status":"publish","type":"post","link":"https:\/\/24formosa.com.ar\/?p=24874","title":{"rendered":"Insfr\u00e1n entreg\u00f3 a veteranos del 5 de octubre un edificio"},"content":{"rendered":"\n<p> El gobernador Gildo Insfr\u00e1n encabez\u00f3 este martes el acto de inauguraci\u00f3n del edificio del Centro de Veteranos del 5 de Octubre, obra emplazada en el barrio Parque Urbano de la ciudad de Formosa.<\/p>\n\n\n\n<p><br>El lugar servir\u00e1 como espacio de encuentro, residencia para aquellos veteranos y su familia que viven en el interior, un viejo anhelo para los ex soldados que defendieron con valent\u00eda el cuartel del Regimiento de Monte 29\u00a0 del ataque Montonero aquel 5 de Octubre de 1975.<\/p>\n\n\n\n<p>Asistieron al acto el Jefe de Gabinete de Ministros Antonio Ferreira, el presidente provisional de la Legislatura provincial Armando Felipe Cabrera, intendente capitalino Jorge Jofr\u00e9, la Fiscal de Estado Stella Maris Zabala, ministros del Poder Ejecutivo, legisladores nacionales, provinciales, concejales, entre otras autoridades.<\/p>\n\n\n\n<p>Alfonso Rojas, presidente del Centro de Veteranos 5 de octubre valoriz\u00f3 la entrega durante un discurso que brind\u00f3 ante los presentes al se\u00f1alar que ser\u00e1 utilizado para reunirse en momentos de esparcimiento, pero tambi\u00e9n como residencia para aquellos que viajan desde el interior y ya no tendr\u00e1n que costearse un hotel mientras realizan tr\u00e1mites en la Capital.<\/p>\n\n\n\n<p><br>\u201cEste hermoso edificio cuenta con biblioteca, sala de reuni\u00f3n, ba\u00f1os, cocina totalmente equipada, enfermer\u00eda y cuatro amplios departamentos de cama, ropa de cama para el veterano y sus familiares\u201d detall\u00f3 Rojas visiblemente emocionado.<\/p>\n\n\n\n<p>\u201cEn representaci\u00f3n de los veteranos estamos muy contentos, se logr\u00f3 algo que esper\u00e1bamos, le damos gracias al gobernador y a todos los que gestionaron esta hermosa obra, que usaremos ahora con todos los veteranos\u201d sintetiz\u00f3.<\/p>\n\n\n\n<p>En representaci\u00f3n del gobierno provincial, brind\u00f3 palabras el ministro de Gobierno Jorge Gonz\u00e1lez quien se\u00f1al\u00f3 que la obra es fruto de la palabra empe\u00f1ada por el gobernador Gildo Insfr\u00e1n : \u201cEste acto entra\u00f1a un profundo significado que no lo podr\u00e1 entender quien no haya nacido en esta tierra o quien no haya elegido esta tierra como propia y la ame como cualquier hijo ama a su madre\u201d sostuvo el funcionario.<\/p>\n\n\n\n<p>\u201cHay fechas en la vida de los hombres que quedan grabadas, indelebles en su memoria, porque significan un antes y despu\u00e9s para esa persona, pero hay fechas que cambian la vida de un pueblo. Esa fecha nos hermana y hace uno. No hay formose\u00f1o que no recuerde qu\u00e9 estaba haciendo aquella siesta del 5 de octubre\u201d comenz\u00f3.<\/p>\n\n\n\n<p>\u201cCada uno puede hablar desde su realidad, yo era un mitai de cuarto grado, estaba haciendo los deberes en la casa de mis abuelos, con quienes viv\u00eda. A lo lejos, en una de las habitaciones, estaba puesto el partido de la Liga, recuerdo que cortaron la transmisi\u00f3n y pidieron que los m\u00e9dicos que estaban escuchando, se presenten en el Hospital Central. Alberto Zorrilla era uno de esos m\u00e9dicos. Hasta ese momento, nadie sab\u00eda lo que pasaba. Ped\u00edan tambi\u00e9n dadores de sangre\u201d sigui\u00f3.<\/p>\n\n\n\n<p><br>\u201cMis abuelos se alarmaron y comenzaron a averiguar, los vecinos salieron a preguntar hasta que uno de ellos entrada la tarde coment\u00f3 que hab\u00edan copado el regimiento de infanter\u00eda de monte 29. Con la mentalidad infantil no entend\u00eda mucho que pasaba, pero s\u00ed que ese momento nos cambi\u00f3 la vida\u201d relat\u00f3.<\/p>\n\n\n\n<p>Dijo que ese hecho \u201cA m\u00ed me arrebat\u00f3 mi Formosa de la infancia, esa Formosa en la que pod\u00edamos ir con mis hermanas mayores a tomar naranja en el puerto o acompa\u00f1arlos a alguna serenata. Todo eso se termin\u00f3. A partir de ese momento fuimos arrojados a la antesala del horror de la Argentina que se instalar\u00eda meses despu\u00e9s\u201d.<\/p>\n\n\n\n<p>Se\u00f1al\u00f3 Gonz\u00e1lez que \u201cCon esa mirada de ni\u00f1o de la escuela me di cuenta, de la manera m\u00e1s dura de lo que cuesta cumplir la palabra empe\u00f1ada. Porque nuestros colimbas, cumplieron cuando prestaron el juramento de fidelidad a la bandera nacional\u201d.<\/p>\n\n\n\n<p>Dijo el ministro que la palabra empe\u00f1ada \u201cEs un valor supremo, y hoy en este acto, viene una persona, formose\u00f1o cabal, a dar cumplimiento a su palabra empe\u00f1ada, desde un lugar que solamente entenderemos los formose\u00f1os porque estamos muy lejos de cualquier situaci\u00f3n particular y de tratar de utilizar partidariamente una fecha que pertenece a todos\u201d.<\/p>\n\n\n\n<p>\u201cEsa palabra empe\u00f1ada de brindarle al centro de veteranos un lugar en donde puedan encontrarse, compartir las experiencias, que sea un centro de encuentro, de veteranos, es una realidad\u201d expres\u00f3.<\/p>\n\n\n\n<p><br>Agreg\u00f3 que no obstante, \u201cHay otros, cuya palabra no tiene valor, que no tienen inconveniente en usar a las personas, las causas m\u00e1s nobles con un mero inter\u00e9s ego\u00edsta\u201d y a\u00f1adi\u00f3 que \u201c Por eso es significativo hacerlo hoy, lejos de cualquier elecci\u00f3n. Somos formose\u00f1os por encima de todas las cosas, y as\u00ed me siento como ese mitai de cuarto grado, un veterano m\u00e1s, porque he sentido desde ese momento lo que siente, el dolor de todo un pueblo, en la muerte de sus hijos.\u201d<\/p>\n\n\n\n<p>Se\u00f1al\u00f3 que \u201cEste centro de veteranos constituir\u00e1 sin dudas un monumento din\u00e1mico de lo que signific\u00f3 aquella fecha, a la cual recordamos con profundo y emotivo compromiso, de aquellos que brindaron lo m\u00e1s preciado, su vida y de los compa\u00f1eros que compartiendo con ellos la colimba, est\u00e1n ac\u00e1 presentes y a sus familias. Este acto entra\u00f1a un profundo significado que no lo podr\u00e1 entender quien no haya nacido en esta tierra o quien no haya elegido esta tierra como propia y la ame como cualquier hijo ama a su madre\u201d.<\/p>\n\n\n\n<p>\u201cPor eso en estas discusiones no nos vamos a detener, nosotros, el gobernador, estuvimos antes, estamos ahora y el a\u00f1o que viene, seguramente, vamos a seguir estando, si Dios nos da vida. Porque nunca dejaremos de estar al lado de los veteranos. Otros, el a\u00f1o que viene ya no estar\u00e1n\u201d sentenci\u00f3.<\/p>\n\n\n\n<p><br>Luego de los discursos, Insfr\u00e1n y Rojas procedieron al descubrimiento de la placa del edificio y recorrieron las instalaciones, acompa\u00f1ados de los presentes. <\/p>\n","protected":false},"excerpt":{"rendered":"<p>El gobernador Gildo Insfr\u00e1n encabez\u00f3 este martes el acto de inauguraci\u00f3n del edificio del Centro<\/p>\n","protected":false},"author":3,"featured_media":24875,"comment_status":"open","ping_status":"open","sticky":false,"template":"","format":"standard","meta":{"footnotes":""},"categories":[1],"tags":[],"class_list":["post-24874","post","type-post","status-publish","format-standard","has-post-thumbnail","hentry","category-noticias"],"_links":{"self":[{"href":"https:\/\/24formosa.com.ar\/index.php?rest_route=\/wp\/v2\/posts\/24874","targetHints":{"allow":["GET"]}}],"collection":[{"href":"https:\/\/24formosa.com.ar\/index.php?rest_route=\/wp\/v2\/posts"}],"about":[{"href":"https:\/\/24formosa.com.ar\/index.php?rest_route=\/wp\/v2\/types\/post"}],"author":[{"embeddable":true,"href":"https:\/\/24formosa.com.ar\/index.php?rest_route=\/wp\/v2\/users\/3"}],"replies":[{"embeddable":true,"href":"https:\/\/24formosa.com.ar\/index.php?rest_route=%2Fwp%2Fv2%2Fcomments&post=24874"}],"version-history":[{"count":1,"href":"https:\/\/24formosa.com.ar\/index.php?rest_route=\/wp\/v2\/posts\/24874\/revisions"}],"predecessor-version":[{"id":24876,"href":"https:\/\/24formosa.com.ar\/index.php?rest_route=\/wp\/v2\/posts\/24874\/revisions\/24876"}],"wp:featuredmedia":[{"embeddable":true,"href":"https:\/\/24formosa.com.ar\/index.php?rest_route=\/wp\/v2\/media\/24875"}],"wp:attachment":[{"href":"https:\/\/24formosa.com.ar\/index.php?rest_route=%2Fwp%2Fv2%2Fmedia&parent=24874"}],"wp:term":[{"taxonomy":"category","embeddable":true,"href":"https:\/\/24formosa.com.ar\/index.php?rest_route=%2Fwp%2Fv2%2Fcategories&post=24874"},{"taxonomy":"post_tag","embeddable":true,"href":"https:\/\/24formosa.com.ar\/index.php?rest_route=%2Fwp%2Fv2%2Ftags&post=24874"}],"curies":[{"name":"wp","href":"https:\/\/api.w.org\/{rel}","templated":true}]}}