{"id":24871,"date":"2019-11-20T08:19:49","date_gmt":"2019-11-20T11:19:49","guid":{"rendered":"https:\/\/24formosa.com.ar\/?p=24871"},"modified":"2019-11-20T08:19:50","modified_gmt":"2019-11-20T11:19:50","slug":"campo-y-tigre-albergaran-al-operativo-solidario-pngt","status":"publish","type":"post","link":"https:\/\/24formosa.com.ar\/?p=24871","title":{"rendered":"Campo y Tigre albergar\u00e1n al operativo solidario PNGT"},"content":{"rendered":"\n<p> Una edici\u00f3n doble del Operativo Solidario \u201cPor Nuestra Gente, Todo\u201d se llevar\u00e1 a cabo el s\u00e1bado\u00a0 23 de noviembre en las localidades de Estanislao del Campo y Pozo del Tigre.<\/p>\n\n\n\n<p><br>En Tigre el lugar elegido para esta edici\u00f3n del operativo solidario ser\u00e1 la Escuela EPEP N\u00b09 Doctor Nicol\u00e1s Avellaneda, escuela que tiene historia ya que su creaci\u00f3n data del Plan Quinquenal puesto en marcha por el mismo Domingo Per\u00f3n,\u00a0 mientras que en Estanislao del Campo la EPEP N\u00b0 213 Dr. Eduardo Gonz\u00e1lez Lelong ser\u00e1 la encargada de nuclear todos los servicios brindados por el gobierno provincial.<\/p>\n\n\n\n<p>Este martes se llev\u00f3 a cabo en Casa de Gobierno la reuni\u00f3n de coordinaci\u00f3n y planificaci\u00f3n de las tareas para el operativo, encabezada por el Jefe de Gabinete de Ministros Antonio Ferreira, acompa\u00f1ado por el ministro de Gobierno Jorge Abel Gonzalez, el ministro de la Comunidad An\u00edbal G\u00f3mez, de Planificaci\u00f3n Daniel Malich, el administrador de la Direcci\u00f3n de Vialidad Provincial Fernando De Vido, entre otras autoridades.<\/p>\n\n\n\n<p><br>Asistieron tambi\u00e9n los intendentes en funciones y electos de ambas localidades, directores de las escuelas que ser\u00e1n base del OPNGT y todos los referentes de los ministerios que son parte del operativo.<\/p>\n\n\n\n<p>\u201cReiniciamos el operativo en dos localidades, Campo y Tigre, durante la reuni\u00f3n planificamos las tareas que surgir\u00e1n, estableceremos los lineamientos de trabajo. Cada uno tendr\u00e1 su tarea designada, para que el d\u00eda s\u00e1bado podamos hacer las cosas como siempre, con el acompa\u00f1amiento del municipio, Vialidad y los ministerios\u201d detall\u00f3 el coordinador del operativo, concejal Hugo Garc\u00eda.<\/p>\n\n\n\n<p><br>El intendente de Pozo del Tigre Andr\u00e9s De Yong adelant\u00f3 que \u201cEstamos prepar\u00e1ndonos con un clima de alegr\u00eda, este operativo que lleva a delante nuestro gobernador hace muchos a\u00f1os, es uno de los \u00fanicos en todo el pa\u00eds que brinda todos los servicios al pueblo, aqu\u00ed lo estamos esperando con ansias, todo el pueblo tiene mucha expectativa por los servicios que se van a\u00a0 brindar pero ante todo por poder agradecerle al gobernador todo el trabajo realizados para mejorar la calidad de vida en toda la provincia\u201d.<\/p>\n\n\n\n<p>Resalt\u00f3 adem\u00e1s que \u201cEsto es importante para nosotros ya que evita que&nbsp; los ciudadanos tengan que viajar para contar con los servicios, m\u00e1s all\u00e1 de que tenemos un hospital con atenci\u00f3n y entrega de medicamentos gratuitos, hay tr\u00e1mites que se realizan en capital y el operativo nos acerca estos tr\u00e1mites aqu\u00ed a nuestra localidad\u201d.<\/p>\n\n\n\n<p>Como ya es habitual los distintos organismos del estado provincial brindaran todos los servicios de manera gratuita; oftalmolog\u00eda, odontolog\u00eda, realizaci\u00f3n de DNI, tambi\u00e9n se brindaran servicios como la obtenci\u00f3n del carnet de conducir y la receta de anteojos recetados, adem\u00e1s organismos como el IPV, la Secretaria de la Mujer entre otros contaran con carpas con el fin de ayudar e informar a la comunidad presente.<br><\/p>\n","protected":false},"excerpt":{"rendered":"<p>Una edici\u00f3n doble del Operativo Solidario \u201cPor Nuestra Gente, Todo\u201d se llevar\u00e1 a cabo el<\/p>\n","protected":false},"author":3,"featured_media":24872,"comment_status":"open","ping_status":"open","sticky":false,"template":"","format":"standard","meta":{"footnotes":""},"categories":[1],"tags":[],"class_list":["post-24871","post","type-post","status-publish","format-standard","has-post-thumbnail","hentry","category-noticias"],"_links":{"self":[{"href":"https:\/\/24formosa.com.ar\/index.php?rest_route=\/wp\/v2\/posts\/24871","targetHints":{"allow":["GET"]}}],"collection":[{"href":"https:\/\/24formosa.com.ar\/index.php?rest_route=\/wp\/v2\/posts"}],"about":[{"href":"https:\/\/24formosa.com.ar\/index.php?rest_route=\/wp\/v2\/types\/post"}],"author":[{"embeddable":true,"href":"https:\/\/24formosa.com.ar\/index.php?rest_route=\/wp\/v2\/users\/3"}],"replies":[{"embeddable":true,"href":"https:\/\/24formosa.com.ar\/index.php?rest_route=%2Fwp%2Fv2%2Fcomments&post=24871"}],"version-history":[{"count":1,"href":"https:\/\/24formosa.com.ar\/index.php?rest_route=\/wp\/v2\/posts\/24871\/revisions"}],"predecessor-version":[{"id":24873,"href":"https:\/\/24formosa.com.ar\/index.php?rest_route=\/wp\/v2\/posts\/24871\/revisions\/24873"}],"wp:featuredmedia":[{"embeddable":true,"href":"https:\/\/24formosa.com.ar\/index.php?rest_route=\/wp\/v2\/media\/24872"}],"wp:attachment":[{"href":"https:\/\/24formosa.com.ar\/index.php?rest_route=%2Fwp%2Fv2%2Fmedia&parent=24871"}],"wp:term":[{"taxonomy":"category","embeddable":true,"href":"https:\/\/24formosa.com.ar\/index.php?rest_route=%2Fwp%2Fv2%2Fcategories&post=24871"},{"taxonomy":"post_tag","embeddable":true,"href":"https:\/\/24formosa.com.ar\/index.php?rest_route=%2Fwp%2Fv2%2Ftags&post=24871"}],"curies":[{"name":"wp","href":"https:\/\/api.w.org\/{rel}","templated":true}]}}