{"id":23126,"date":"2019-02-20T22:41:29","date_gmt":"2019-02-21T01:41:29","guid":{"rendered":"https:\/\/24formosa.com.ar\/?p=23126"},"modified":"2023-01-16T11:41:20","modified_gmt":"2023-01-16T14:41:20","slug":"concluyente-apoyo-en-campo-a-la-candidatura-a-gobernador-de-insfran","status":"publish","type":"post","link":"https:\/\/24formosa.com.ar\/?p=23126","title":{"rendered":"Concluyente apoyo en Campo a la candidatura a gobernador de Insfr\u00e1n"},"content":{"rendered":"\n<p> En la localidad de Estanislao del Campo se realiz\u00f3 un encuentro multitudinario encabezado por el Diputado Provincial Armando Cabrera, acompa\u00f1ado por el jefe comunal y concejales, oportunidad donde diversos sectores internos del justicialismo renovaron su voto de confianza al Gobernador Gildo Insfr\u00e1n, y consideraron que su figura es la que mejor representa los intereses de los formose\u00f1os para encabezar una f\u00f3rmula provincial en los comicios venideros<\/p>\n\n\n\n<p>Desde Estanislao del Campo, localidad ubicada a 250 kil\u00f3metros de la Capital provincial, sobre la Ruta Nacional 81, los sectores del PJ, ciudadanos y representantes de comunidades originarias adelantaron su respaldo incondicional al actual Gobernador.<\/p>\n\n\n\n<p>En este sentido, Armando Cabrera consider\u00f3 que Insfr\u00e1n es la persona indicada para seguir conduciendo los destinos de la Provincia en el marco del modelo de gesti\u00f3n con espacios para todos lo formose\u00f1os que sue\u00f1an con un destino prospero, acompa\u00f1ado de unidad, organizaci\u00f3n y solidaridad.<\/p>\n\n\n\n<p>\u201cEl doctor Gildo Insfr\u00e1n es qui\u00e9n alza las banderas del Justicialismo bajo la doctrina de la Justicia Social, con equidad, solidaridad por el pr\u00f3jimo y por sobre todo a la hora de defender los intereses de nuestra querida Formosa y sus habitantes\u201d.<\/p>\n\n\n\n<p>Seguidamente, puso a colaci\u00f3n los grandes logros que consigui\u00f3 el Gobernador para la Provincia, con obras que marcaron un antes y un despu\u00e9s en la historia provincial, favoreciendo a los habitantes de Capital y del Interior.\u00a0<\/p>\n\n\n\n<p>\u201cHoy nadie puede olvidar la firma del Acta de Reparaci\u00f3n Hist\u00f3rica, y como a partir de este momento y mediante\u00a0 un trabajo articulado con Naci\u00f3n pudimos construir cientos de escuelas, hospitales, rutas, dando mano de obra a miles de formose\u00f1os\u201d. \u201cReactivamos las industrias, el comercio, potenciando el aparato productivo\u201d.<\/p>\n\n\n\n<p>Sin embargo, alert\u00f3 Cabrera, \u201cel Gobierno de Mauricio Macri y sus c\u00f3mplices Radicales en la Provincia de Formosa proponen las recetas for\u00e1neas del Fondo Monetario Internacional, con m\u00e1s ajustes, inflaci\u00f3n, reducci\u00f3n de los salarios, cierre de Pymes, desempleo, desaceleraci\u00f3n de la econom\u00eda y sumisi\u00f3n a las pol\u00edticas neoliberales\u201d.<\/p>\n\n\n\n<p>\u201cSon quienes han fundido al pa\u00eds, con una deuda que ni siquiera la podr\u00e1n pagar nuestros nietos y quieren gobernar el Pa\u00eds y la Provincia\u201d. \u201cPor esto llamamos a la reflexi\u00f3n de todos los formose\u00f1os y en este 2019 den su voto de confianza a nuestro conductor natural, el doctor Insfr\u00e1n\u201d, resalt\u00f3 Cabrera desde Estanislao del Campo. <\/p>\n","protected":false},"excerpt":{"rendered":"<p>En la localidad de Estanislao del Campo se realiz\u00f3 un encuentro multitudinario encabezado por el<\/p>\n","protected":false},"author":3,"featured_media":23127,"comment_status":"open","ping_status":"open","sticky":false,"template":"","format":"standard","meta":{"footnotes":""},"categories":[1],"tags":[],"class_list":["post-23126","post","type-post","status-publish","format-standard","has-post-thumbnail","hentry","category-noticias"],"_links":{"self":[{"href":"https:\/\/24formosa.com.ar\/index.php?rest_route=\/wp\/v2\/posts\/23126","targetHints":{"allow":["GET"]}}],"collection":[{"href":"https:\/\/24formosa.com.ar\/index.php?rest_route=\/wp\/v2\/posts"}],"about":[{"href":"https:\/\/24formosa.com.ar\/index.php?rest_route=\/wp\/v2\/types\/post"}],"author":[{"embeddable":true,"href":"https:\/\/24formosa.com.ar\/index.php?rest_route=\/wp\/v2\/users\/3"}],"replies":[{"embeddable":true,"href":"https:\/\/24formosa.com.ar\/index.php?rest_route=%2Fwp%2Fv2%2Fcomments&post=23126"}],"version-history":[{"count":1,"href":"https:\/\/24formosa.com.ar\/index.php?rest_route=\/wp\/v2\/posts\/23126\/revisions"}],"predecessor-version":[{"id":23128,"href":"https:\/\/24formosa.com.ar\/index.php?rest_route=\/wp\/v2\/posts\/23126\/revisions\/23128"}],"wp:featuredmedia":[{"embeddable":true,"href":"https:\/\/24formosa.com.ar\/index.php?rest_route=\/wp\/v2\/media\/23127"}],"wp:attachment":[{"href":"https:\/\/24formosa.com.ar\/index.php?rest_route=%2Fwp%2Fv2%2Fmedia&parent=23126"}],"wp:term":[{"taxonomy":"category","embeddable":true,"href":"https:\/\/24formosa.com.ar\/index.php?rest_route=%2Fwp%2Fv2%2Fcategories&post=23126"},{"taxonomy":"post_tag","embeddable":true,"href":"https:\/\/24formosa.com.ar\/index.php?rest_route=%2Fwp%2Fv2%2Ftags&post=23126"}],"curies":[{"name":"wp","href":"https:\/\/api.w.org\/{rel}","templated":true}]}}